[{"@context":"https:\/\/schema.org\/","@type":"Article","@id":"https:\/\/www.ecis.cz\/toner-od-nas-a-svou-tiskarnu-nebudete-muset-lecit\/#Article","mainEntityOfPage":"https:\/\/www.ecis.cz\/toner-od-nas-a-svou-tiskarnu-nebudete-muset-lecit\/","headline":"Toner od n\u00e1s &#8211; a svou tisk\u00e1rnu nebudete muset l\u00e9\u010dit","name":"Toner od n\u00e1s &#8211; a svou tisk\u00e1rnu nebudete muset l\u00e9\u010dit","description":"Nen\u00ed snad den, kdy by se stalo, \u017ee byste nepot\u0159ebovali n\u011bco tisknout? Den, kdy byste m\u011bli od n\u011b\u010deho klid a nemuseli \u0159e\u0161it v\u011bci do pr\u00e1ce \u010di \u0161koly? M\u00e1te doma starou laserovou tisk\u00e1rnu, ale vyhovuje V\u00e1m? A m\u00e1te doma tak\u00e9 n\u00e1hradn\u00ed toner? Pokud je tu probl\u00e9m s t\u00edm, \u017ee se \u0161patn\u011b vytiskne str\u00e1nka nebo je text...<p class=\"more-link-wrap\"><a href=\"https:\/\/www.ecis.cz\/toner-od-nas-a-svou-tiskarnu-nebudete-muset-lecit\/\" class=\"more-link\">P\u0159e\u010d\u00edst<span class=\"screen-reader-text\"> &ldquo;Toner od n\u00e1s &#8211; a svou tisk\u00e1rnu nebudete muset l\u00e9\u010dit&rdquo;<\/span> &raquo;<\/a><\/p>","datePublished":"2025-03-26","dateModified":"2025-03-26","author":{"@type":"Person","@id":"https:\/\/www.ecis.cz\/author\/devene\/#Person","name":"devene","url":"https:\/\/www.ecis.cz\/author\/devene\/","identifier":1,"image":{"@type":"ImageObject","@id":"https:\/\/secure.gravatar.com\/avatar\/b653a05acc9928bc50547a0b6ed51698115bbf59840455a4bc9d337f928ec9d6?s=96&d=mm&r=g","url":"https:\/\/secure.gravatar.com\/avatar\/b653a05acc9928bc50547a0b6ed51698115bbf59840455a4bc9d337f928ec9d6?s=96&d=mm&r=g","height":96,"width":96}},"publisher":{"@type":"Organization","name":"ecis.cz","logo":{"@type":"ImageObject","@id":"\/logo.png","url":"\/logo.png","width":600,"height":60}},"url":"https:\/\/www.ecis.cz\/toner-od-nas-a-svou-tiskarnu-nebudete-muset-lecit\/","wordCount":180,"articleBody":"Nen\u00ed snad den, kdy by se stalo, \u017ee byste nepot\u0159ebovali n\u011bco tisknout? Den, kdy byste m\u011bli od n\u011b\u010deho klid a nemuseli \u0159e\u0161it v\u011bci do pr\u00e1ce \u010di \u0161koly? M\u00e1te doma starou laserovou tisk\u00e1rnu, ale vyhovuje V\u00e1m? A m\u00e1te doma tak\u00e9 n\u00e1hradn\u00ed toner?Pokud je tu probl\u00e9m s t\u00edm, \u017ee se \u0161patn\u011b vytiskne str\u00e1nka nebo je text ne\u010diteln\u00fd, potom by to mohl m\u00edt na sv\u011bdom\u00ed toner. \u017de V\u00e1s to nenapadlo? Napadne to jen m\u00e1lokoho. Ale aby byl text znovu \u010diteln\u00fd, nemus\u00edte kupovat novou tisk\u00e1rnu, sta\u010d\u00ed mal\u00e1 pom\u016fcka.\u010cern\u00e1 i b\u00edl\u00e1 barvy na\u0161e\u010cern\u00e1 barva lad\u00ed dohromady s b\u00edlou u\u017e dlouh\u00e1 l\u00e9ta. Je tomu tak i v p\u0159\u00edpad\u011b Va\u0161\u00ed tisk\u00e1rny? Je \u010dernob\u00edl\u00e1, ale V\u00e1m to vyhovuje? Potom nezapom\u00ednejte na to, \u017ee by bylo vhodn\u00e9 m\u00edt doma n\u00e1hradn\u00ed toner. Potom se nesetk\u00e1te se zbyte\u010dn\u00fdmi pot\u00ed\u017eemi, kter\u00e9 by V\u00e1s bez t\u00e9to pom\u016fcky mohly potkat.                                                                                                                                                                                                                                                                                                                                                                                                "},{"@context":"https:\/\/schema.org\/","@type":"BreadcrumbList","itemListElement":[{"@type":"ListItem","position":1,"name":"Toner od n\u00e1s &#8211; a svou tisk\u00e1rnu nebudete muset l\u00e9\u010dit","item":"https:\/\/www.ecis.cz\/toner-od-nas-a-svou-tiskarnu-nebudete-muset-lecit\/#breadcrumbitem"}]}]