[{"@context":"https:\/\/schema.org\/","@type":"Article","@id":"https:\/\/www.ecis.cz\/to-nejlepsi-ze-sveta-kuchyni\/#Article","mainEntityOfPage":"https:\/\/www.ecis.cz\/to-nejlepsi-ze-sveta-kuchyni\/","headline":"To nejlep\u0161\u00ed ze sv\u011bta kuchyn\u00ed","name":"To nejlep\u0161\u00ed ze sv\u011bta kuchyn\u00ed","description":"Kuchyn\u011b pat\u0159\u00ed bezesporu mezi nejd\u016fle\u017eit\u011bj\u0161\u00ed \u010d\u00e1sti domu. Ve v\u011bt\u0161in\u011b p\u0159\u00edpad\u016f maj\u00ed lid\u00e9 kuchyni spojenou s ob\u00fdvac\u00edm prostorem, aby mohli p\u0159i va\u0159en\u00ed tr\u00e1vit \u010das s rodinou nebo n\u00e1v\u0161t\u011bvou. D\u00edky spojen\u00e9mu prostoru nen\u00ed ani jedna \u010d\u00e1st osazenstva izolovan\u00e1 od ostatn\u00edch. Mnoz\u00ed by mohli nam\u00edtat, \u017ee v\u016fn\u011b z va\u0159en\u00ed mohou b\u00fdt nep\u0159\u00edjemn\u00e9 pro pohodu a lid v ob\u00fdv\u00e1ku,...<p class=\"more-link-wrap\"><a href=\"https:\/\/www.ecis.cz\/to-nejlepsi-ze-sveta-kuchyni\/\" class=\"more-link\">P\u0159e\u010d\u00edst<span class=\"screen-reader-text\"> &ldquo;To nejlep\u0161\u00ed ze sv\u011bta kuchyn\u00ed&rdquo;<\/span> &raquo;<\/a><\/p>","datePublished":"2024-02-13","dateModified":"2024-02-13","author":{"@type":"Person","@id":"https:\/\/www.ecis.cz\/author\/devene\/#Person","name":"devene","url":"https:\/\/www.ecis.cz\/author\/devene\/","identifier":1,"image":{"@type":"ImageObject","@id":"https:\/\/secure.gravatar.com\/avatar\/b653a05acc9928bc50547a0b6ed51698115bbf59840455a4bc9d337f928ec9d6?s=96&d=mm&r=g","url":"https:\/\/secure.gravatar.com\/avatar\/b653a05acc9928bc50547a0b6ed51698115bbf59840455a4bc9d337f928ec9d6?s=96&d=mm&r=g","height":96,"width":96}},"publisher":{"@type":"Organization","name":"ecis.cz","logo":{"@type":"ImageObject","@id":"\/logo.png","url":"\/logo.png","width":600,"height":60}},"image":{"@type":"ImageObject","@id":"https:\/\/www.ecis.cz\/wp-content\/uploads\/kitchen-2094707_640_10_5.jpg","url":"https:\/\/www.ecis.cz\/wp-content\/uploads\/kitchen-2094707_640_10_5.jpg","height":0,"width":0},"url":"https:\/\/www.ecis.cz\/to-nejlepsi-ze-sveta-kuchyni\/","about":["Produkty"],"wordCount":414,"articleBody":"      Kuchyn\u011b pat\u0159\u00ed bezesporu mezi nejd\u016fle\u017eit\u011bj\u0161\u00ed \u010d\u00e1sti domu. Ve v\u011bt\u0161in\u011b p\u0159\u00edpad\u016f maj\u00ed lid\u00e9 kuchyni spojenou s ob\u00fdvac\u00edm prostorem, aby mohli p\u0159i va\u0159en\u00ed tr\u00e1vit \u010das s rodinou nebo n\u00e1v\u0161t\u011bvou. D\u00edky spojen\u00e9mu prostoru nen\u00ed ani jedna \u010d\u00e1st osazenstva izolovan\u00e1 od ostatn\u00edch. Mnoz\u00ed by mohli nam\u00edtat, \u017ee v\u016fn\u011b z va\u0159en\u00ed mohou b\u00fdt nep\u0159\u00edjemn\u00e9 pro pohodu a lid v ob\u00fdv\u00e1ku, ale tak to nen\u00ed. Dnes existuj\u00ed r\u016fzn\u00e9 d\u016fmysln\u00e9 a velice \u00fa\u010dinn\u00e9 odsava\u010de par, kter\u00e9 v\u00e1m klid u k\u00e1vy rozhodn\u011b nenaru\u0161\u00ed a naopak v\u00e1m pom\u016f\u017eou nevn\u00edmat nic co nechcete.Pokud m\u00e1te doma star\u0161\u00ed kuchyni a chcete ji zmodernizovat, m\u00e1te dv\u011b mo\u017enosti &#8211; nechat si ud\u011blat novou a nebo prom\u011bnit tu starou v n\u011bco nov\u011bj\u0161\u00edho pomoc\u00ed levn\u011bj\u0161\u00edch \u00faprav. Mezi n\u011b m\u016f\u017ee pat\u0159it t\u0159eba n\u00e1t\u011br sk\u0159\u00edn\u011bk nebo obkladu za linkou. Takov\u00e9 \u00fapravy jsou ale jen na oko a v\u011bt\u0161inou nemaj\u00ed na nic vliv. Lep\u0161\u00ed je zainvestovat a po\u0159\u00eddit si novou linku, kter\u00e1 v\u00e1m bude vyhovovat v\u00edc ne\u017e ta star\u00e1 nat\u0159en\u00e1 jinou barvou.V dne\u0161n\u00ed dob\u011b jsou linky cenou dostupn\u00e9 a cel\u00e1 \u0159ada v\u00fdrobc\u016f nab\u00edz\u00ed velmi levn\u00e9 linky. Slou\u017eit v\u00e1m u v\u00e1s doma m\u016f\u017ee t\u0159eba modern\u00ed b\u00edl\u00e1 kuchyn\u011b, ale na v\u00fdb\u011br m\u00e1te z mnoha r\u016fzn\u00fdch barev a proveden\u00ed. Dok\u00e1\u017eeme v\u00e1m vyrobit kuchyni na m\u00edru podle va\u0161ich p\u0159edstav a mo\u017enost\u00ed. Spole\u010dn\u011b projdeme va\u0161e po\u017eadavky a navrhneme pro v\u00e1s kuchyni, kter\u00e1 bude to prav\u00e9.I kdy\u017e mo\u017en\u00e1 m\u00e1te rad\u011bji tmav\u0161\u00ed barvy, sv\u011btl\u00e1 linka nebude tak n\u00e1ro\u010dn\u00e1 na \u00fadr\u017ebu. Na tmav\u0161\u00edch barv\u00e1ch jsou paradoxn\u011b v\u00edc vid\u011bt ne\u010distoty a tak mus\u00edte tmav\u0161\u00ed linku \u010dast\u011bji um\u00fdvat. Sv\u011btl\u00e1 barva je lep\u0161\u00ed i z d\u016fvodu sv\u011btlosti interi\u00e9ru &#8211; tmav\u00e9 vybaven\u00ed v\u00e1m ud\u011bl\u00e1 z jinak sv\u011btl\u00e9ho bydlen\u00ed tmavou noru, co\u017e jist\u011b nechcete.M\u00e1te malou linku? I mal\u00e1 linka m\u016f\u017ee b\u00fdt slo\u017een\u00e1 z v\u00edce sk\u0159\u00edn\u011bk, kter\u00e9 v\u00e1m poskytnou dostatek prostoru pro v\u0161echno n\u00e1dob\u00ed i potraviny. Ud\u011blejte si radost, a vyberte si linku, kter\u00e1 v\u00e1m bude slou\u017eit dal\u0161\u00ed dlouh\u00e9 roky.                                                                                                                                                                                                                                                                                                                                                                                                  "},{"@context":"https:\/\/schema.org\/","@type":"BreadcrumbList","itemListElement":[{"@type":"ListItem","position":1,"name":"To nejlep\u0161\u00ed ze sv\u011bta kuchyn\u00ed","item":"https:\/\/www.ecis.cz\/to-nejlepsi-ze-sveta-kuchyni\/#breadcrumbitem"}]}]