[{"@context":"https:\/\/schema.org\/","@type":"Article","@id":"https:\/\/www.ecis.cz\/s-novym-firemnim-logem-nebudete-potrebovat-dalsi-velkolepou-reklamu\/#Article","mainEntityOfPage":"https:\/\/www.ecis.cz\/s-novym-firemnim-logem-nebudete-potrebovat-dalsi-velkolepou-reklamu\/","headline":"S nov\u00fdm firemn\u00edm logem nebudete pot\u0159ebovat dal\u0161\u00ed velkolepou reklamu","name":"S nov\u00fdm firemn\u00edm logem nebudete pot\u0159ebovat dal\u0161\u00ed velkolepou reklamu","description":"Existence Va\u0161\u00ed nov\u00e9 firmy je teprve kr\u00e1tkodob\u00e1, tak\u017ee prozat\u00edm se v\u0161e to\u010d\u00ed kolem za\u0159izov\u00e1n\u00ed interi\u00e9r\u016f s\u00eddla spole\u010dnosti a koup\u00ed r\u016fzn\u00fdch z\u00e1kladn\u00edch pot\u0159eb? To znamen\u00e1, \u017ee na vytvo\u0159en\u00ed efektivn\u00edho loga je\u0161t\u011b nebyl \u010das? Ano, je nutn\u00e9 nejprve se v\u011bnovat z\u00e1kladn\u00edm v\u011bcem, ale na vytvo\u0159en\u00ed dobr\u00e9ho jm\u00e9na je t\u0159eba myslet v\u010das. Pokud tedy je\u0161t\u011b nem\u00e1te ani \u017e\u00e1dn\u00e9...<p class=\"more-link-wrap\"><a href=\"https:\/\/www.ecis.cz\/s-novym-firemnim-logem-nebudete-potrebovat-dalsi-velkolepou-reklamu\/\" class=\"more-link\">P\u0159e\u010d\u00edst<span class=\"screen-reader-text\"> &ldquo;S nov\u00fdm firemn\u00edm logem nebudete pot\u0159ebovat dal\u0161\u00ed velkolepou reklamu&rdquo;<\/span> &raquo;<\/a><\/p>","datePublished":"2023-12-25","dateModified":"2023-12-25","author":{"@type":"Person","@id":"https:\/\/www.ecis.cz\/author\/devene\/#Person","name":"devene","url":"https:\/\/www.ecis.cz\/author\/devene\/","identifier":1,"image":{"@type":"ImageObject","@id":"https:\/\/secure.gravatar.com\/avatar\/b653a05acc9928bc50547a0b6ed51698115bbf59840455a4bc9d337f928ec9d6?s=96&d=mm&r=g","url":"https:\/\/secure.gravatar.com\/avatar\/b653a05acc9928bc50547a0b6ed51698115bbf59840455a4bc9d337f928ec9d6?s=96&d=mm&r=g","height":96,"width":96}},"publisher":{"@type":"Organization","name":"ecis.cz","logo":{"@type":"ImageObject","@id":"\/logo.png","url":"\/logo.png","width":600,"height":60}},"url":"https:\/\/www.ecis.cz\/s-novym-firemnim-logem-nebudete-potrebovat-dalsi-velkolepou-reklamu\/","wordCount":250,"articleBody":"Existence Va\u0161\u00ed nov\u00e9 firmy je teprve kr\u00e1tkodob\u00e1, tak\u017ee prozat\u00edm se v\u0161e to\u010d\u00ed kolem za\u0159izov\u00e1n\u00ed interi\u00e9r\u016f s\u00eddla spole\u010dnosti a koup\u00ed r\u016fzn\u00fdch z\u00e1kladn\u00edch pot\u0159eb? To znamen\u00e1, \u017ee na vytvo\u0159en\u00ed efektivn\u00edho loga je\u0161t\u011b nebyl \u010das? Ano, je nutn\u00e9 nejprve se v\u011bnovat z\u00e1kladn\u00edm v\u011bcem, ale na vytvo\u0159en\u00ed dobr\u00e9ho jm\u00e9na je t\u0159eba myslet v\u010das. Pokud tedy je\u0161t\u011b nem\u00e1te ani \u017e\u00e1dn\u00e9 n\u00e1vrhy, vyu\u017eijte na\u0161\u00ed spolupr\u00e1ce a my V\u00e1m zajist\u00edme nezapomenuteln\u00e9 firemn\u00ed logo, kter\u00e9 se vryje do pam\u011bti v\u0161em Va\u0161im z\u00e1kazn\u00edk\u016fm. D\u00edky funk\u010dn\u00edmu a efektivn\u00edmu logu se Va\u0161e firma stane na\u00a0trhu nezapomenutelnou a t\u011b\u017eko p\u0159ehl\u00e9dnutelnou. Nav\u00edc d\u00edky t\u00e9to nov\u00e9 identit\u011b nebudete pot\u0159ebovat dal\u0161\u00ed v\u00fdraznou propagaci, proto\u017ee logo V\u00e1m ji bez probl\u00e9mu zajist\u00ed!Zalo\u017ete si vlastn\u00ed propaga\u010dn\u00ed syst\u00e9mNebu\u010fte stejn\u00ed jako Va\u0161i konkurenti, kte\u0159\u00ed k\u00a0propagaci sv\u00e9ho jm\u00e9na vyu\u017e\u00edvaj\u00ed n\u00e1siln\u00fdch a agresivn\u00edch metod, kter\u00e9 \u0161irok\u00e9 okol\u00ed sp\u00ed\u0161e odrad\u00ed. V\u00e1\u0161 syst\u00e9m propagace m\u016f\u017ee spo\u010d\u00edvat t\u0159eba v\u00a0kvalitn\u011b zpracovan\u00fdch firemn\u00edch bro\u017eur\u00e1ch \u010di let\u00e1\u010dc\u00edch a drobn\u00fdch p\u0159edm\u011btech, kter\u00e9 z\u00e1jemc\u016fm na r\u016fzn\u00fdch setk\u00e1n\u00edch nab\u00eddnete. Reklamn\u00ed agentura V\u00e1m tyto prost\u0159edky s\u00a0radost\u00ed zajist\u00ed!\u00a0                                                                                                                                                                                                                                                                                                                                                                                                "},{"@context":"https:\/\/schema.org\/","@type":"BreadcrumbList","itemListElement":[{"@type":"ListItem","position":1,"name":"S nov\u00fdm firemn\u00edm logem nebudete pot\u0159ebovat dal\u0161\u00ed velkolepou reklamu","item":"https:\/\/www.ecis.cz\/s-novym-firemnim-logem-nebudete-potrebovat-dalsi-velkolepou-reklamu\/#breadcrumbitem"}]}]