[{"@context":"https:\/\/schema.org\/","@type":"Article","@id":"https:\/\/www.ecis.cz\/radsi-budu-bydlet-ve-vlastnim\/#Article","mainEntityOfPage":"https:\/\/www.ecis.cz\/radsi-budu-bydlet-ve-vlastnim\/","headline":"Rad\u0161i budu bydlet ve vlastn\u00edm","name":"Rad\u0161i budu bydlet ve vlastn\u00edm","description":"Tak\u00e9 rad\u011bji bydl\u00edte ve vlastn\u00edm dom\u011b \u010di byt\u011b a rozhodujete o sv\u00e9m p\u0159\u00edbytku, ne\u017e abyste byli v\u00e1z\u00e1ni na n\u00e1jemn\u00ed smlouvu? Pron\u00e1jem nemovitost\u00ed je pro mnoho mlad\u00fdch lid\u00ed velk\u00fdm l\u00e1kadlem http:\/\/www.ceskatelevize.cz\/ivysilani\/10122427178-udalosti-v-regionech-brno\/317281381990713-udalosti-v-regionech\/obsah\/556733-krajina-lakadlem-pro-turisty \u2013 nemus\u00ed se toti\u017e v\u00e1zat na jedno m\u00edsto a nemus\u00ed v\u016fbec nic podnikat v souvislosti s \u00fadr\u017ebou objektu. Jednodu\u0161e zaplat\u00ed n\u00e1jemn\u00e9 a maj\u00ed klid. Jen\u017ee...<p class=\"more-link-wrap\"><a href=\"https:\/\/www.ecis.cz\/radsi-budu-bydlet-ve-vlastnim\/\" class=\"more-link\">P\u0159e\u010d\u00edst<span class=\"screen-reader-text\"> &ldquo;Rad\u0161i budu bydlet ve vlastn\u00edm&rdquo;<\/span> &raquo;<\/a><\/p>","datePublished":"2024-10-18","dateModified":"2024-10-18","author":{"@type":"Person","@id":"https:\/\/www.ecis.cz\/author\/devene\/#Person","name":"devene","url":"https:\/\/www.ecis.cz\/author\/devene\/","identifier":1,"image":{"@type":"ImageObject","@id":"https:\/\/secure.gravatar.com\/avatar\/b653a05acc9928bc50547a0b6ed51698115bbf59840455a4bc9d337f928ec9d6?s=96&d=mm&r=g","url":"https:\/\/secure.gravatar.com\/avatar\/b653a05acc9928bc50547a0b6ed51698115bbf59840455a4bc9d337f928ec9d6?s=96&d=mm&r=g","height":96,"width":96}},"publisher":{"@type":"Organization","name":"ecis.cz","logo":{"@type":"ImageObject","@id":"\/logo.png","url":"\/logo.png","width":600,"height":60}},"image":{"@type":"ImageObject","@id":"https:\/\/www.ecis.cz\/wp-content\/uploads\/give-5242150_640_2.jpg","url":"https:\/\/www.ecis.cz\/wp-content\/uploads\/give-5242150_640_2.jpg","height":0,"width":0},"url":"https:\/\/www.ecis.cz\/radsi-budu-bydlet-ve-vlastnim\/","about":["Pen\u00edze"],"wordCount":427,"articleBody":"        Tak\u00e9 rad\u011bji bydl\u00edte ve vlastn\u00edm dom\u011b \u010di byt\u011b a rozhodujete o sv\u00e9m p\u0159\u00edbytku, ne\u017e abyste byli v\u00e1z\u00e1ni na n\u00e1jemn\u00ed smlouvu? Pron\u00e1jem nemovitost\u00ed je pro mnoho mlad\u00fdch lid\u00ed velk\u00fdm l\u00e1kadlem  http:\/\/www.ceskatelevize.cz\/ivysilani\/10122427178-udalosti-v-regionech-brno\/317281381990713-udalosti-v-regionech\/obsah\/556733-krajina-lakadlem-pro-turisty \u2013 nemus\u00ed se toti\u017e v\u00e1zat na jedno m\u00edsto a nemus\u00ed v\u016fbec nic podnikat v souvislosti s \u00fadr\u017ebou objektu. Jednodu\u0161e zaplat\u00ed n\u00e1jemn\u00e9 a maj\u00ed klid. Jen\u017ee toto l\u00e1kadlo m\u00e1 tak\u00e9 sv\u016fj rub, a o n\u011bm se p\u0159\u00edli\u0161 nemluv\u00ed, alespo\u0148 ne tam, kde se houfn\u011b propaguje pron\u00e1jem, co\u017e je v zem\u00edch z\u00e1padn\u00ed Evropy. V \u010cesk\u00e9 republice je trend zcela opa\u010dn\u00fd, lid\u00e9 si tu hled\u00ed sv\u00e9ho majetku a maj\u00ed r\u00e1di jistotu v tom, \u017ee je z jejich p\u0159\u00edbytku nikdo nevyhod\u00ed. Vyplat\u00ed se jim investovat do sv\u00e9ho i prost\u0159ednictv\u00edm hypot\u00e9ky bez registru nebankovnihypoteka.cz.Vyhazov z pronajat\u00e9ho bytu \u2013 n\u00e1jemn\u00ed vztahy jsou podm\u00edn\u011bn\u00e9 t\u0159\u00edm\u011bs\u00ed\u010dn\u00ed v\u00fdpov\u011bdn\u00ed lh\u016ftou, tak\u017ee pokud vysloven\u011b c\u00edlen\u011b nedemolujete byt a neporu\u0161ujete i jin\u00fdm zp\u016fsobem n\u00e1jemn\u00ed smlouvu, m\u00e1te jistotu, \u017ee v\u00e1s nikdo na ulici ze dne na den nevyhod\u00ed. Jen\u017ee toto je pom\u011brn\u011b stresuj\u00edc\u00ed situace, p\u0159edstavte si, \u017ee za\u010dnete sh\u00e1n\u011bt nov\u00fd n\u00e1jem, ale zpo\u010d\u00e1tku se neda\u0159\u00ed, uplynou dva m\u011bs\u00edce a st\u00e1le nic, co byste finan\u010dn\u011b \u201eut\u00e1hli\u201c. Zb\u00fdv\u00e1 u\u017e jen m\u011bs\u00edc a stres se stup\u0148uje a nakonec objev\u00edte \u201ekone\u010dn\u011b\u201c n\u011bco solidn\u00edho. Jen\u017ee v jin\u00e9m m\u011bst\u011b, asi \u010dty\u0159icet kilometr\u016f odtud. A za\u010dne nov\u00fd koloto\u010d stresu \u2013 doj\u00ed\u017ed\u011bn\u00ed do zam\u011bstn\u00e1n\u00ed se v\u00e1m nevyplat\u00ed, tak mus\u00edte d\u00e1t v\u00fdpov\u011b\u010f a hledat jinou pr\u00e1ci, ale nakonec se\u017eenete h\u016f\u0159e placenou a v\u00e1\u0161 nov\u00fd n\u00e1jem bude finan\u010dn\u011b \u201ena hran\u011b\u201c, d\u00e1le mus\u00edte zajistit ne zrovna levn\u00e9 st\u011bhov\u00e1n\u00ed a zvykat si na nov\u00e9 m\u00edsto.Za rok v\u00e1m nov\u00fd majitel bytu d\u00e1 v\u00fdpov\u011b\u010f, proto\u017ee se do bytu chce nast\u011bhovat, a v\u00e1m za\u010d\u00edn\u00e1 podobn\u00fd koloto\u010d, jako p\u0159ed rokem. Mlad\u00ed lid\u00e9 to je\u0161t\u011b zvl\u00e1dnou, ale co kdy\u017e je v\u00e1m u\u017e p\u0159es pades\u00e1t? Nebylo by tedy lep\u0161\u00ed ji\u017e v ml\u00e1d\u00ed myslet \u201ena zadn\u00ed kole\u010dka\u201c a zajistit si odpov\u00eddaj\u00edc\u00ed bydlen\u00ed ve vlastn\u00edm dom\u011b \u010di byt\u011b?                                                                                                                                                                                                                                                                                                                                                                                                  "},{"@context":"https:\/\/schema.org\/","@type":"BreadcrumbList","itemListElement":[{"@type":"ListItem","position":1,"name":"Rad\u0161i budu bydlet ve vlastn\u00edm","item":"https:\/\/www.ecis.cz\/radsi-budu-bydlet-ve-vlastnim\/#breadcrumbitem"}]}]