{"@context":"https:\/\/schema.org\/","@type":"CollectionPage","@id":"https:\/\/www.ecis.cz\/produkty\/#CollectionPage","headline":"Produkty Category","description":"","url":"https:\/\/www.ecis.cz\/produkty\/","hasPart":[{"@type":"Article","@id":"https:\/\/www.ecis.cz\/vse-pro-kutily\/","headline":"V\u0161e pro kutily","url":"https:\/\/www.ecis.cz\/vse-pro-kutily\/","datePublished":"2022-10-28","dateModified":"2022-10-28","mainEntityOfPage":"https:\/\/www.ecis.cz\/vse-pro-kutily\/","author":{"@type":"Person","@id":"https:\/\/www.ecis.cz\/author\/devene\/#Person","name":"devene","url":"https:\/\/www.ecis.cz\/author\/devene\/","identifier":1,"image":{"@type":"ImageObject","@id":"https:\/\/secure.gravatar.com\/avatar\/b653a05acc9928bc50547a0b6ed51698115bbf59840455a4bc9d337f928ec9d6?s=96&d=mm&r=g","url":"https:\/\/secure.gravatar.com\/avatar\/b653a05acc9928bc50547a0b6ed51698115bbf59840455a4bc9d337f928ec9d6?s=96&d=mm&r=g","height":96,"width":96}},"publisher":{"@type":"Organization","name":"ecis.cz","logo":{"@type":"ImageObject","@id":"\/logo.png","url":"\/logo.png","width":600,"height":60}},"image":{"@type":"ImageObject","@id":"https:\/\/www.ecis.cz\/wp-content\/uploads\/radio-frequency-connectors-4500341_960_720.jpg","url":"https:\/\/www.ecis.cz\/wp-content\/uploads\/radio-frequency-connectors-4500341_960_720.jpg","height":0,"width":0},"keywords":null},{"@type":"Article","@id":"https:\/\/www.ecis.cz\/eko-prebalovani\/","headline":"Eko p\u0159ebalov\u00e1n\u00ed","url":"https:\/\/www.ecis.cz\/eko-prebalovani\/","datePublished":"2022-10-09","dateModified":"2022-10-09","mainEntityOfPage":"https:\/\/www.ecis.cz\/eko-prebalovani\/","author":{"@type":"Person","@id":"https:\/\/www.ecis.cz\/author\/devene\/#Person","name":"devene","url":"https:\/\/www.ecis.cz\/author\/devene\/","identifier":1,"image":{"@type":"ImageObject","@id":"https:\/\/secure.gravatar.com\/avatar\/b653a05acc9928bc50547a0b6ed51698115bbf59840455a4bc9d337f928ec9d6?s=96&d=mm&r=g","url":"https:\/\/secure.gravatar.com\/avatar\/b653a05acc9928bc50547a0b6ed51698115bbf59840455a4bc9d337f928ec9d6?s=96&d=mm&r=g","height":96,"width":96}},"publisher":{"@type":"Organization","name":"ecis.cz","logo":{"@type":"ImageObject","@id":"\/logo.png","url":"\/logo.png","width":600,"height":60}},"image":{"@type":"ImageObject","@id":"https:\/\/www.ecis.cz\/wp-content\/uploads\/diapers-3476133_640_4.jpg","url":"https:\/\/www.ecis.cz\/wp-content\/uploads\/diapers-3476133_640_4.jpg","height":0,"width":0},"keywords":null},{"@type":"Article","@id":"https:\/\/www.ecis.cz\/podle-svych-predstav\/","headline":"Podle sv\u00fdch p\u0159edstav","url":"https:\/\/www.ecis.cz\/podle-svych-predstav\/","datePublished":"2022-04-27","dateModified":"2022-04-27","mainEntityOfPage":"https:\/\/www.ecis.cz\/podle-svych-predstav\/","author":{"@type":"Person","@id":"https:\/\/www.ecis.cz\/author\/devene\/#Person","name":"devene","url":"https:\/\/www.ecis.cz\/author\/devene\/","identifier":1,"image":{"@type":"ImageObject","@id":"https:\/\/secure.gravatar.com\/avatar\/b653a05acc9928bc50547a0b6ed51698115bbf59840455a4bc9d337f928ec9d6?s=96&d=mm&r=g","url":"https:\/\/secure.gravatar.com\/avatar\/b653a05acc9928bc50547a0b6ed51698115bbf59840455a4bc9d337f928ec9d6?s=96&d=mm&r=g","height":96,"width":96}},"publisher":{"@type":"Organization","name":"ecis.cz","logo":{"@type":"ImageObject","@id":"\/logo.png","url":"\/logo.png","width":600,"height":60}},"image":{"@type":"ImageObject","@id":"https:\/\/www.ecis.cz\/wp-content\/uploads\/3d-printing-nieuws.jpg","url":"https:\/\/www.ecis.cz\/wp-content\/uploads\/3d-printing-nieuws.jpg","height":0,"width":0},"keywords":null},{"@type":"Article","@id":"https:\/\/www.ecis.cz\/zbavte-sve-deti-plochych-nohou-skakanim-na-trampoline\/","headline":"Zbavte sv\u00e9 d\u011bti ploch\u00fdch nohou sk\u00e1k\u00e1n\u00edm na trampol\u00edn\u011b","url":"https:\/\/www.ecis.cz\/zbavte-sve-deti-plochych-nohou-skakanim-na-trampoline\/","datePublished":"2022-04-04","dateModified":"2022-04-04","mainEntityOfPage":"https:\/\/www.ecis.cz\/zbavte-sve-deti-plochych-nohou-skakanim-na-trampoline\/","author":{"@type":"Person","@id":"https:\/\/www.ecis.cz\/author\/devene\/#Person","name":"devene","url":"https:\/\/www.ecis.cz\/author\/devene\/","identifier":1,"image":{"@type":"ImageObject","@id":"https:\/\/secure.gravatar.com\/avatar\/b653a05acc9928bc50547a0b6ed51698115bbf59840455a4bc9d337f928ec9d6?s=96&d=mm&r=g","url":"https:\/\/secure.gravatar.com\/avatar\/b653a05acc9928bc50547a0b6ed51698115bbf59840455a4bc9d337f928ec9d6?s=96&d=mm&r=g","height":96,"width":96}},"publisher":{"@type":"Organization","name":"ecis.cz","logo":{"@type":"ImageObject","@id":"\/logo.png","url":"\/logo.png","width":600,"height":60}},"image":{"@type":"ImageObject","@id":"https:\/\/www.ecis.cz\/wp-content\/uploads\/pexels-karolina-grabowska-4964509_1.jpg","url":"https:\/\/www.ecis.cz\/wp-content\/uploads\/pexels-karolina-grabowska-4964509_1.jpg","height":0,"width":0},"keywords":null},{"@type":"Article","@id":"https:\/\/www.ecis.cz\/drevo-a-hodinky-se-nevylucuji\/","headline":"D\u0159evo a hodinky se nevylu\u010duj\u00ed","url":"https:\/\/www.ecis.cz\/drevo-a-hodinky-se-nevylucuji\/","datePublished":"2022-03-05","dateModified":"2022-03-05","mainEntityOfPage":"https:\/\/www.ecis.cz\/drevo-a-hodinky-se-nevylucuji\/","author":{"@type":"Person","@id":"https:\/\/www.ecis.cz\/author\/devene\/#Person","name":"devene","url":"https:\/\/www.ecis.cz\/author\/devene\/","identifier":1,"image":{"@type":"ImageObject","@id":"https:\/\/secure.gravatar.com\/avatar\/b653a05acc9928bc50547a0b6ed51698115bbf59840455a4bc9d337f928ec9d6?s=96&d=mm&r=g","url":"https:\/\/secure.gravatar.com\/avatar\/b653a05acc9928bc50547a0b6ed51698115bbf59840455a4bc9d337f928ec9d6?s=96&d=mm&r=g","height":96,"width":96}},"publisher":{"@type":"Organization","name":"ecis.cz","logo":{"@type":"ImageObject","@id":"\/logo.png","url":"\/logo.png","width":600,"height":60}},"image":{"@type":"ImageObject","@id":"https:\/\/www.ecis.cz\/wp-content\/uploads\/p%C5%99%C3%ADroda_1.jpeg","url":"https:\/\/www.ecis.cz\/wp-content\/uploads\/p%C5%99%C3%ADroda_1.jpeg","height":0,"width":0},"keywords":null},{"@type":"Article","@id":"https:\/\/www.ecis.cz\/potrebujete-si-pujcit-auto\/","headline":"Pot\u0159ebujete si p\u016fj\u010dit auto?","url":"https:\/\/www.ecis.cz\/potrebujete-si-pujcit-auto\/","datePublished":"2019-10-13","dateModified":"2019-10-13","mainEntityOfPage":"https:\/\/www.ecis.cz\/potrebujete-si-pujcit-auto\/","author":{"@type":"Person","@id":"https:\/\/www.ecis.cz\/author\/devene\/#Person","name":"devene","url":"https:\/\/www.ecis.cz\/author\/devene\/","identifier":1,"image":{"@type":"ImageObject","@id":"https:\/\/secure.gravatar.com\/avatar\/b653a05acc9928bc50547a0b6ed51698115bbf59840455a4bc9d337f928ec9d6?s=96&d=mm&r=g","url":"https:\/\/secure.gravatar.com\/avatar\/b653a05acc9928bc50547a0b6ed51698115bbf59840455a4bc9d337f928ec9d6?s=96&d=mm&r=g","height":96,"width":96}},"publisher":{"@type":"Organization","name":"ecis.cz","logo":{"@type":"ImageObject","@id":"\/logo.png","url":"\/logo.png","width":600,"height":60}},"image":{"@type":"ImageObject","@id":"https:\/\/www.ecis.cz\/wp-content\/uploads\/img_a365695_w1712_t1578393706.jpg","url":"https:\/\/www.ecis.cz\/wp-content\/uploads\/img_a365695_w1712_t1578393706.jpg","height":0,"width":0},"keywords":null},{"@type":"Article","@id":"https:\/\/www.ecis.cz\/jak-si-poridit-webovou-stranku\/","headline":"Jak si po\u0159\u00eddit webovou str\u00e1nku?","url":"https:\/\/www.ecis.cz\/jak-si-poridit-webovou-stranku\/","datePublished":"2019-06-14","dateModified":"2019-06-14","mainEntityOfPage":"https:\/\/www.ecis.cz\/jak-si-poridit-webovou-stranku\/","author":{"@type":"Person","@id":"https:\/\/www.ecis.cz\/author\/devene\/#Person","name":"devene","url":"https:\/\/www.ecis.cz\/author\/devene\/","identifier":1,"image":{"@type":"ImageObject","@id":"https:\/\/secure.gravatar.com\/avatar\/b653a05acc9928bc50547a0b6ed51698115bbf59840455a4bc9d337f928ec9d6?s=96&d=mm&r=g","url":"https:\/\/secure.gravatar.com\/avatar\/b653a05acc9928bc50547a0b6ed51698115bbf59840455a4bc9d337f928ec9d6?s=96&d=mm&r=g","height":96,"width":96}},"publisher":{"@type":"Organization","name":"ecis.cz","logo":{"@type":"ImageObject","@id":"\/logo.png","url":"\/logo.png","width":600,"height":60}},"image":{"@type":"ImageObject","@id":"https:\/\/www.ecis.cz\/wp-content\/uploads\/img_a347553_w1690_t1561975979.jpg","url":"https:\/\/www.ecis.cz\/wp-content\/uploads\/img_a347553_w1690_t1561975979.jpg","height":0,"width":0},"keywords":null}]}