[{"@context":"https:\/\/schema.org\/","@type":"Article","@id":"https:\/\/www.ecis.cz\/pocasi-neovlivnime\/#Article","mainEntityOfPage":"https:\/\/www.ecis.cz\/pocasi-neovlivnime\/","headline":"Po\u010das\u00ed neovlivn\u00edme","name":"Po\u010das\u00ed neovlivn\u00edme","description":"Kdo m\u016f\u017ee, ten si oslavu \u010dehokoliv pl\u00e1nuje na jaro a na l\u00e9to, kdy je nejhez\u010d\u00ed po\u010das\u00ed. Je d\u00e9le sv\u011btlo, je teplo a d\u00e1 se b\u00fdt venku. V\u011bt\u0161ina akc\u00ed je venkovn\u00edch, proto\u017ee venku je prost\u011b v\u017edycky l\u00edp. Jen\u017ee ne v\u017edycky n\u00e1m po\u010das\u00ed vyjde vst\u0159\u00edc a ne\u010dekan\u00fd d\u00e9\u0161\u0165 n\u00e1m m\u016f\u017ee oslavu nadobro zkazit. Nic ale nen\u00ed ztraceno,...<p class=\"more-link-wrap\"><a href=\"https:\/\/www.ecis.cz\/pocasi-neovlivnime\/\" class=\"more-link\">P\u0159e\u010d\u00edst<span class=\"screen-reader-text\"> &ldquo;Po\u010das\u00ed neovlivn\u00edme&rdquo;<\/span> &raquo;<\/a><\/p>","datePublished":"2023-11-27","dateModified":"2023-11-27","author":{"@type":"Person","@id":"https:\/\/www.ecis.cz\/author\/devene\/#Person","name":"devene","url":"https:\/\/www.ecis.cz\/author\/devene\/","identifier":1,"image":{"@type":"ImageObject","@id":"https:\/\/secure.gravatar.com\/avatar\/b653a05acc9928bc50547a0b6ed51698115bbf59840455a4bc9d337f928ec9d6?s=96&d=mm&r=g","url":"https:\/\/secure.gravatar.com\/avatar\/b653a05acc9928bc50547a0b6ed51698115bbf59840455a4bc9d337f928ec9d6?s=96&d=mm&r=g","height":96,"width":96}},"publisher":{"@type":"Organization","name":"ecis.cz","logo":{"@type":"ImageObject","@id":"\/logo.png","url":"\/logo.png","width":600,"height":60}},"image":{"@type":"ImageObject","@id":"https:\/\/www.ecis.cz\/wp-content\/uploads\/party-5998464_640_10_10_2.jpg","url":"https:\/\/www.ecis.cz\/wp-content\/uploads\/party-5998464_640_10_10_2.jpg","height":0,"width":0},"url":"https:\/\/www.ecis.cz\/pocasi-neovlivnime\/","about":["Firmy"],"wordCount":441,"articleBody":"   Kdo m\u016f\u017ee, ten si oslavu \u010dehokoliv pl\u00e1nuje na jaro a na l\u00e9to, kdy je nejhez\u010d\u00ed po\u010das\u00ed. Je d\u00e9le sv\u011btlo, je teplo a d\u00e1 se b\u00fdt venku. V\u011bt\u0161ina akc\u00ed je venkovn\u00edch, proto\u017ee venku je prost\u011b v\u017edycky l\u00edp. Jen\u017ee ne v\u017edycky n\u00e1m po\u010das\u00ed vyjde vst\u0159\u00edc a ne\u010dekan\u00fd d\u00e9\u0161\u0165 n\u00e1m m\u016f\u017ee oslavu nadobro zkazit. Nic ale nen\u00ed ztraceno, proto\u017ee pokud se po\u0159\u00e1dn\u011b p\u0159iprav\u00edte, budete v suchu, a to doslova.Jestli chcete m\u00edt oslavu nebo t\u0159eba svatbu pod \u0161ir\u00fdm nebem, m\u011bli byste m\u00edt k dispozici i m\u00edsto, kde se v p\u0159\u00edpad\u011b pot\u0159eby schov\u00e1te. Ide\u00e1ln\u00ed je m\u00edt k dispozici stan a nebo n\u011bkolik stan\u016f, kter\u00e9 budou dostate\u010dn\u011b velk\u00e9 na to, aby se pod n\u011b dalo v\u0161echno v m\u017eiku schovat, a aby se pod n\u011bj ve\u0161li v\u0161ichni host\u00e9. Lid\u00e9 si p\u016fj\u010duj\u00ed stany, kter\u00e9 jsou nepromokav\u00e9, a poskytuj\u00ed i velmi p\u0159\u00edjemn\u00fd st\u00edn. D\u00edky stanu budete m\u00edt p\u0159\u00edst\u0159e\u0161\u00ed k dispozici a nebudete se muset b\u00e1t \u017ee v\u00e1m po\u010das\u00ed nevyjde jak jste cht\u011bli.Nab\u00edz\u00edme party stan pron\u00e1jem https:\/\/www.partystanyaz.cz\/pronajem.html, sta\u010d\u00ed si zavolat a my se o v\u0161echno postar\u00e1me. K dispozici jsou nejen stany, ale i podlahy a posezen\u00ed. Pron\u00e1jmem na\u0161ich stan\u016f z\u00edsk\u00e1te maxim\u00e1ln\u00ed komfort a bezpe\u010d\u00ed pro ve\u0161ker\u00e9 va\u0161e vybaven\u00ed. Stany jsou nejen pl\u00e1nem B, kter\u00fd m\u016f\u017ee zachr\u00e1nit bl\u00ed\u017e\u00edc\u00ed se katastrofu v podob\u011b rozm\u00e1\u010den\u00fdch host\u016f i ob\u010derstven\u00e9 a v\u00fdzdoby, ale m\u016f\u017ee to b\u00fdt skv\u011bl\u00fd pl\u00e1n A. V\u00edte jak kr\u00e1sn\u011b m\u016f\u017ee vypadat t\u0159eba svatba pod stanem? Ve sv\u011bte je to velmi popul\u00e1rn\u00ed trend, proto\u017ee stan se d\u00e1 kr\u00e1sn\u011b vyzdobit a d\u00edky tomu bude i va\u0161e svatba \u010di oslava vypadat jinak ne\u017e ty ostatn\u00ed. Sta\u010d\u00ed trocha kv\u011btin a sv\u00ed\u010dek a budete m\u00edt svatbu jako z poh\u00e1dky.P\u0159\u00edpravy na jakoukoliv akci je pot\u0159eba za\u010d\u00edt s dostate\u010dn\u00fdm \u010dasov\u00fdm odstupem. Mnoho slu\u017eeb i artikl\u016f jsou velice \u017e\u00e1dan\u00e9, a \u010dek\u00e1 se na n\u011b i m\u011bs\u00edce. Proto je pot\u0159eba b\u00fdt zav\u010das v po\u0159adn\u00edku a nespol\u00e9hat na to, \u017ee zrovna vy budete m\u00edt \u0161t\u011bst\u00ed. Proto za\u010dn\u011bte pl\u00e1novat zav\u010das, abyste m\u011bli p\u0159ipraven\u00e9 v\u0161echno co chcete a pot\u0159ebujete.                                                                                                                                                                                                                                                                                                                                                                                                  "},{"@context":"https:\/\/schema.org\/","@type":"BreadcrumbList","itemListElement":[{"@type":"ListItem","position":1,"name":"Po\u010das\u00ed neovlivn\u00edme","item":"https:\/\/www.ecis.cz\/pocasi-neovlivnime\/#breadcrumbitem"}]}]