[{"@context":"https:\/\/schema.org\/","@type":"Blog","@id":"https:\/\/www.ecis.cz#Blog","headline":"Ecis","description":"\nNen\u00ed na sv\u011bt\u011b probl\u00e9m, kter\u00fd by se nedal n\u011bjak vy\u0159e\u0161it. A pokud u\u017e si s n\u00edm sami nev\u00edte rady, klidn\u011b vyu\u017eijte n\u00e1\u0161 web, na kter\u00e9m se do\u010dk\u00e1te pomoci.","url":"https:\/\/www.ecis.cz","hasPart":[{"@type":"Article","@id":"https:\/\/www.ecis.cz\/ruzne-druhy-ovocnych-caju-a-jejich-ucinky\/","headline":"R\u016fzn\u00e9 druhy ovocn\u00fdch \u010daj\u016f a jejich \u00fa\u010dinky","url":"https:\/\/www.ecis.cz\/ruzne-druhy-ovocnych-caju-a-jejich-ucinky\/","datePublished":"2024-11-19","dateModified":"2024-11-19","mainEntityOfPage":"https:\/\/www.ecis.cz\/ruzne-druhy-ovocnych-caju-a-jejich-ucinky\/","author":{"@type":"Person","@id":"https:\/\/www.ecis.cz\/author\/devene\/#Person","name":"devene","url":"https:\/\/www.ecis.cz\/author\/devene\/","identifier":1,"image":{"@type":"ImageObject","@id":"https:\/\/secure.gravatar.com\/avatar\/b653a05acc9928bc50547a0b6ed51698115bbf59840455a4bc9d337f928ec9d6?s=96&d=mm&r=g","url":"https:\/\/secure.gravatar.com\/avatar\/b653a05acc9928bc50547a0b6ed51698115bbf59840455a4bc9d337f928ec9d6?s=96&d=mm&r=g","height":96,"width":96}},"publisher":{"@type":"Organization","name":"ecis.cz","logo":{"@type":"ImageObject","@id":"\/logo.png","url":"\/logo.png","width":600,"height":60}},"image":{"@type":"ImageObject","@id":"https:\/\/www.ecis.cz\/wp-content\/uploads\/erol-ahmed-_MYcIi9DgYQ-unsplash.jpg","url":"https:\/\/www.ecis.cz\/wp-content\/uploads\/erol-ahmed-_MYcIi9DgYQ-unsplash.jpg","height":0,"width":0},"wordCount":615,"keywords":null},{"@type":"Article","@id":"https:\/\/www.ecis.cz\/trumfy-na-zaver\/","headline":"Trumfy na z\u00e1v\u011br","url":"https:\/\/www.ecis.cz\/trumfy-na-zaver\/","datePublished":"2024-11-13","dateModified":"2024-11-13","mainEntityOfPage":"https:\/\/www.ecis.cz\/trumfy-na-zaver\/","author":{"@type":"Person","@id":"https:\/\/www.ecis.cz\/author\/devene\/#Person","name":"devene","url":"https:\/\/www.ecis.cz\/author\/devene\/","identifier":1,"image":{"@type":"ImageObject","@id":"https:\/\/secure.gravatar.com\/avatar\/b653a05acc9928bc50547a0b6ed51698115bbf59840455a4bc9d337f928ec9d6?s=96&d=mm&r=g","url":"https:\/\/secure.gravatar.com\/avatar\/b653a05acc9928bc50547a0b6ed51698115bbf59840455a4bc9d337f928ec9d6?s=96&d=mm&r=g","height":96,"width":96}},"publisher":{"@type":"Organization","name":"ecis.cz","logo":{"@type":"ImageObject","@id":"\/logo.png","url":"\/logo.png","width":600,"height":60}},"image":null,"wordCount":237,"keywords":null},{"@type":"Article","@id":"https:\/\/www.ecis.cz\/i-podnikatele-potrebuji-penize\/","headline":"I podnikatel\u00e9 pot\u0159ebuj\u00ed pen\u00edze","url":"https:\/\/www.ecis.cz\/i-podnikatele-potrebuji-penize\/","datePublished":"2024-11-09","dateModified":"2024-11-09","mainEntityOfPage":"https:\/\/www.ecis.cz\/i-podnikatele-potrebuji-penize\/","author":{"@type":"Person","@id":"https:\/\/www.ecis.cz\/author\/devene\/#Person","name":"devene","url":"https:\/\/www.ecis.cz\/author\/devene\/","identifier":1,"image":{"@type":"ImageObject","@id":"https:\/\/secure.gravatar.com\/avatar\/b653a05acc9928bc50547a0b6ed51698115bbf59840455a4bc9d337f928ec9d6?s=96&d=mm&r=g","url":"https:\/\/secure.gravatar.com\/avatar\/b653a05acc9928bc50547a0b6ed51698115bbf59840455a4bc9d337f928ec9d6?s=96&d=mm&r=g","height":96,"width":96}},"publisher":{"@type":"Organization","name":"ecis.cz","logo":{"@type":"ImageObject","@id":"\/logo.png","url":"\/logo.png","width":600,"height":60}},"image":{"@type":"ImageObject","@id":"https:\/\/www.ecis.cz\/wp-content\/uploads\/pppppppppppppppppppppppppppppppppppppppppppppppppppppppp_6.jpg","url":"https:\/\/www.ecis.cz\/wp-content\/uploads\/pppppppppppppppppppppppppppppppppppppppppppppppppppppppp_6.jpg","height":0,"width":0},"wordCount":609,"keywords":null},{"@type":"Article","@id":"https:\/\/www.ecis.cz\/filtr-je-nutne-mit-v-naprostem-poradku\/","headline":"Filtr je nutn\u00e9 m\u00edt v naprost\u00e9m po\u0159\u00e1dku","url":"https:\/\/www.ecis.cz\/filtr-je-nutne-mit-v-naprostem-poradku\/","datePublished":"2024-11-05","dateModified":"2024-11-05","mainEntityOfPage":"https:\/\/www.ecis.cz\/filtr-je-nutne-mit-v-naprostem-poradku\/","author":{"@type":"Person","@id":"https:\/\/www.ecis.cz\/author\/devene\/#Person","name":"devene","url":"https:\/\/www.ecis.cz\/author\/devene\/","identifier":1,"image":{"@type":"ImageObject","@id":"https:\/\/secure.gravatar.com\/avatar\/b653a05acc9928bc50547a0b6ed51698115bbf59840455a4bc9d337f928ec9d6?s=96&d=mm&r=g","url":"https:\/\/secure.gravatar.com\/avatar\/b653a05acc9928bc50547a0b6ed51698115bbf59840455a4bc9d337f928ec9d6?s=96&d=mm&r=g","height":96,"width":96}},"publisher":{"@type":"Organization","name":"ecis.cz","logo":{"@type":"ImageObject","@id":"\/logo.png","url":"\/logo.png","width":600,"height":60}},"image":null,"wordCount":282,"keywords":null},{"@type":"Article","@id":"https:\/\/www.ecis.cz\/spolehliva-laserova-gravirka-vam-bude-vyhovovat\/","headline":"Spolehliv\u00e1 laserov\u00e1 grav\u00edrka v\u00e1m bude vyhovovat","url":"https:\/\/www.ecis.cz\/spolehliva-laserova-gravirka-vam-bude-vyhovovat\/","datePublished":"2024-10-30","dateModified":"2024-10-30","mainEntityOfPage":"https:\/\/www.ecis.cz\/spolehliva-laserova-gravirka-vam-bude-vyhovovat\/","author":{"@type":"Person","@id":"https:\/\/www.ecis.cz\/author\/devene\/#Person","name":"devene","url":"https:\/\/www.ecis.cz\/author\/devene\/","identifier":1,"image":{"@type":"ImageObject","@id":"https:\/\/secure.gravatar.com\/avatar\/b653a05acc9928bc50547a0b6ed51698115bbf59840455a4bc9d337f928ec9d6?s=96&d=mm&r=g","url":"https:\/\/secure.gravatar.com\/avatar\/b653a05acc9928bc50547a0b6ed51698115bbf59840455a4bc9d337f928ec9d6?s=96&d=mm&r=g","height":96,"width":96}},"publisher":{"@type":"Organization","name":"ecis.cz","logo":{"@type":"ImageObject","@id":"\/logo.png","url":"\/logo.png","width":600,"height":60}},"image":null,"wordCount":281,"keywords":null},{"@type":"Article","@id":"https:\/\/www.ecis.cz\/moznost-jak-mit-konecne-klid\/","headline":"Mo\u017enost, jak m\u00edt kone\u010dn\u011b klid","url":"https:\/\/www.ecis.cz\/moznost-jak-mit-konecne-klid\/","datePublished":"2024-10-20","dateModified":"2024-10-20","mainEntityOfPage":"https:\/\/www.ecis.cz\/moznost-jak-mit-konecne-klid\/","author":{"@type":"Person","@id":"https:\/\/www.ecis.cz\/author\/devene\/#Person","name":"devene","url":"https:\/\/www.ecis.cz\/author\/devene\/","identifier":1,"image":{"@type":"ImageObject","@id":"https:\/\/secure.gravatar.com\/avatar\/b653a05acc9928bc50547a0b6ed51698115bbf59840455a4bc9d337f928ec9d6?s=96&d=mm&r=g","url":"https:\/\/secure.gravatar.com\/avatar\/b653a05acc9928bc50547a0b6ed51698115bbf59840455a4bc9d337f928ec9d6?s=96&d=mm&r=g","height":96,"width":96}},"publisher":{"@type":"Organization","name":"ecis.cz","logo":{"@type":"ImageObject","@id":"\/logo.png","url":"\/logo.png","width":600,"height":60}},"image":null,"wordCount":283,"keywords":null},{"@type":"Article","@id":"https:\/\/www.ecis.cz\/radsi-budu-bydlet-ve-vlastnim\/","headline":"Rad\u0161i budu bydlet ve vlastn\u00edm","url":"https:\/\/www.ecis.cz\/radsi-budu-bydlet-ve-vlastnim\/","datePublished":"2024-10-18","dateModified":"2024-10-18","mainEntityOfPage":"https:\/\/www.ecis.cz\/radsi-budu-bydlet-ve-vlastnim\/","author":{"@type":"Person","@id":"https:\/\/www.ecis.cz\/author\/devene\/#Person","name":"devene","url":"https:\/\/www.ecis.cz\/author\/devene\/","identifier":1,"image":{"@type":"ImageObject","@id":"https:\/\/secure.gravatar.com\/avatar\/b653a05acc9928bc50547a0b6ed51698115bbf59840455a4bc9d337f928ec9d6?s=96&d=mm&r=g","url":"https:\/\/secure.gravatar.com\/avatar\/b653a05acc9928bc50547a0b6ed51698115bbf59840455a4bc9d337f928ec9d6?s=96&d=mm&r=g","height":96,"width":96}},"publisher":{"@type":"Organization","name":"ecis.cz","logo":{"@type":"ImageObject","@id":"\/logo.png","url":"\/logo.png","width":600,"height":60}},"image":{"@type":"ImageObject","@id":"https:\/\/www.ecis.cz\/wp-content\/uploads\/give-5242150_640_2.jpg","url":"https:\/\/www.ecis.cz\/wp-content\/uploads\/give-5242150_640_2.jpg","height":0,"width":0},"wordCount":627,"keywords":null},{"@type":"Article","@id":"https:\/\/www.ecis.cz\/stehujeme-se-v-prosinci\/","headline":"St\u011bhujeme se v prosinci","url":"https:\/\/www.ecis.cz\/stehujeme-se-v-prosinci\/","datePublished":"2024-10-12","dateModified":"2024-10-12","mainEntityOfPage":"https:\/\/www.ecis.cz\/stehujeme-se-v-prosinci\/","author":{"@type":"Person","@id":"https:\/\/www.ecis.cz\/author\/devene\/#Person","name":"devene","url":"https:\/\/www.ecis.cz\/author\/devene\/","identifier":1,"image":{"@type":"ImageObject","@id":"https:\/\/secure.gravatar.com\/avatar\/b653a05acc9928bc50547a0b6ed51698115bbf59840455a4bc9d337f928ec9d6?s=96&d=mm&r=g","url":"https:\/\/secure.gravatar.com\/avatar\/b653a05acc9928bc50547a0b6ed51698115bbf59840455a4bc9d337f928ec9d6?s=96&d=mm&r=g","height":96,"width":96}},"publisher":{"@type":"Organization","name":"ecis.cz","logo":{"@type":"ImageObject","@id":"\/logo.png","url":"\/logo.png","width":600,"height":60}},"image":{"@type":"ImageObject","@id":"https:\/\/www.ecis.cz\/wp-content\/uploads\/illuminated-1479168_640.jpg","url":"https:\/\/www.ecis.cz\/wp-content\/uploads\/illuminated-1479168_640.jpg","height":0,"width":0},"wordCount":656,"keywords":null},{"@type":"Article","@id":"https:\/\/www.ecis.cz\/kdo-se-nenecha-unikem-vody-zaskocit-je-ve-vyhode\/","headline":"Kdo se nenech\u00e1 \u00fanikem vody zasko\u010dit, je ve v\u00fdhod\u011b","url":"https:\/\/www.ecis.cz\/kdo-se-nenecha-unikem-vody-zaskocit-je-ve-vyhode\/","datePublished":"2024-10-06","dateModified":"2024-10-06","mainEntityOfPage":"https:\/\/www.ecis.cz\/kdo-se-nenecha-unikem-vody-zaskocit-je-ve-vyhode\/","author":{"@type":"Person","@id":"https:\/\/www.ecis.cz\/author\/devene\/#Person","name":"devene","url":"https:\/\/www.ecis.cz\/author\/devene\/","identifier":1,"image":{"@type":"ImageObject","@id":"https:\/\/secure.gravatar.com\/avatar\/b653a05acc9928bc50547a0b6ed51698115bbf59840455a4bc9d337f928ec9d6?s=96&d=mm&r=g","url":"https:\/\/secure.gravatar.com\/avatar\/b653a05acc9928bc50547a0b6ed51698115bbf59840455a4bc9d337f928ec9d6?s=96&d=mm&r=g","height":96,"width":96}},"publisher":{"@type":"Organization","name":"ecis.cz","logo":{"@type":"ImageObject","@id":"\/logo.png","url":"\/logo.png","width":600,"height":60}},"image":{"@type":"ImageObject","@id":"https:\/\/www.ecis.cz\/wp-content\/uploads\/plumber-2788336_640_9.jpg","url":"https:\/\/www.ecis.cz\/wp-content\/uploads\/plumber-2788336_640_9.jpg","height":0,"width":0},"wordCount":613,"keywords":null},{"@type":"Article","@id":"https:\/\/www.ecis.cz\/proc-byl-zivot-drive-mnohem-mene-zdravy\/","headline":"Pro\u010d byl \u017eivot d\u0159\u00edve mnohem m\u00e9n\u011b zdrav\u00fd","url":"https:\/\/www.ecis.cz\/proc-byl-zivot-drive-mnohem-mene-zdravy\/","datePublished":"2024-09-23","dateModified":"2024-09-23","mainEntityOfPage":"https:\/\/www.ecis.cz\/proc-byl-zivot-drive-mnohem-mene-zdravy\/","author":{"@type":"Person","@id":"https:\/\/www.ecis.cz\/author\/devene\/#Person","name":"devene","url":"https:\/\/www.ecis.cz\/author\/devene\/","identifier":1,"image":{"@type":"ImageObject","@id":"https:\/\/secure.gravatar.com\/avatar\/b653a05acc9928bc50547a0b6ed51698115bbf59840455a4bc9d337f928ec9d6?s=96&d=mm&r=g","url":"https:\/\/secure.gravatar.com\/avatar\/b653a05acc9928bc50547a0b6ed51698115bbf59840455a4bc9d337f928ec9d6?s=96&d=mm&r=g","height":96,"width":96}},"publisher":{"@type":"Organization","name":"ecis.cz","logo":{"@type":"ImageObject","@id":"\/logo.png","url":"\/logo.png","width":600,"height":60}},"image":{"@type":"ImageObject","@id":"https:\/\/www.ecis.cz\/wp-content\/uploads\/kanalizace2_2.jpg","url":"https:\/\/www.ecis.cz\/wp-content\/uploads\/kanalizace2_2.jpg","height":0,"width":0},"wordCount":537,"keywords":null}]},{"@context":"https:\/\/schema.org","@type":"WebSite","@id":"https:\/\/www.ecis.cz\/#website","name":"Ecis","url":"https:\/\/www.ecis.cz","potentialAction":{"@type":"SearchAction","target":"https:\/\/www.ecis.cz\/?s={search_term_string}","query-input":"required name=search_term_string"}}]