[{"@context":"https:\/\/schema.org\/","@type":"Blog","@id":"https:\/\/www.ecis.cz#Blog","headline":"Ecis","description":"\nNen\u00ed na sv\u011bt\u011b probl\u00e9m, kter\u00fd by se nedal n\u011bjak vy\u0159e\u0161it. A pokud u\u017e si s n\u00edm sami nev\u00edte rady, klidn\u011b vyu\u017eijte n\u00e1\u0161 web, na kter\u00e9m se do\u010dk\u00e1te pomoci.","url":"https:\/\/www.ecis.cz","hasPart":[{"@type":"Article","@id":"https:\/\/www.ecis.cz\/drevo-a-hodinky-se-nevylucuji\/","headline":"D\u0159evo a hodinky se nevylu\u010duj\u00ed","url":"https:\/\/www.ecis.cz\/drevo-a-hodinky-se-nevylucuji\/","datePublished":"2022-03-05","dateModified":"2022-03-05","mainEntityOfPage":"https:\/\/www.ecis.cz\/drevo-a-hodinky-se-nevylucuji\/","author":{"@type":"Person","@id":"https:\/\/www.ecis.cz\/author\/devene\/#Person","name":"devene","url":"https:\/\/www.ecis.cz\/author\/devene\/","identifier":1,"image":{"@type":"ImageObject","@id":"https:\/\/secure.gravatar.com\/avatar\/b653a05acc9928bc50547a0b6ed51698115bbf59840455a4bc9d337f928ec9d6?s=96&d=mm&r=g","url":"https:\/\/secure.gravatar.com\/avatar\/b653a05acc9928bc50547a0b6ed51698115bbf59840455a4bc9d337f928ec9d6?s=96&d=mm&r=g","height":96,"width":96}},"publisher":{"@type":"Organization","name":"ecis.cz","logo":{"@type":"ImageObject","@id":"\/logo.png","url":"\/logo.png","width":600,"height":60}},"image":{"@type":"ImageObject","@id":"https:\/\/www.ecis.cz\/wp-content\/uploads\/p%C5%99%C3%ADroda_1.jpeg","url":"https:\/\/www.ecis.cz\/wp-content\/uploads\/p%C5%99%C3%ADroda_1.jpeg","height":0,"width":0},"wordCount":547,"keywords":null},{"@type":"Article","@id":"https:\/\/www.ecis.cz\/udelejte-si-doma-prijemne\/","headline":"Ud\u011blejte si doma p\u0159\u00edjemn\u011b","url":"https:\/\/www.ecis.cz\/udelejte-si-doma-prijemne\/","datePublished":"2022-01-24","dateModified":"2022-01-24","mainEntityOfPage":"https:\/\/www.ecis.cz\/udelejte-si-doma-prijemne\/","author":{"@type":"Person","@id":"https:\/\/www.ecis.cz\/author\/devene\/#Person","name":"devene","url":"https:\/\/www.ecis.cz\/author\/devene\/","identifier":1,"image":{"@type":"ImageObject","@id":"https:\/\/secure.gravatar.com\/avatar\/b653a05acc9928bc50547a0b6ed51698115bbf59840455a4bc9d337f928ec9d6?s=96&d=mm&r=g","url":"https:\/\/secure.gravatar.com\/avatar\/b653a05acc9928bc50547a0b6ed51698115bbf59840455a4bc9d337f928ec9d6?s=96&d=mm&r=g","height":96,"width":96}},"publisher":{"@type":"Organization","name":"ecis.cz","logo":{"@type":"ImageObject","@id":"\/logo.png","url":"\/logo.png","width":600,"height":60}},"image":{"@type":"ImageObject","@id":"https:\/\/www.ecis.cz\/wp-content\/uploads\/woman-ge9dfa6865_640.jpg","url":"https:\/\/www.ecis.cz\/wp-content\/uploads\/woman-ge9dfa6865_640.jpg","height":0,"width":0},"wordCount":585,"keywords":null},{"@type":"Article","@id":"https:\/\/www.ecis.cz\/ani-ne-za-mesic-je-to-tady\/","headline":"Ani ne za m\u011bs\u00edc je to tady","url":"https:\/\/www.ecis.cz\/ani-ne-za-mesic-je-to-tady\/","datePublished":"2021-11-18","dateModified":"2021-11-18","mainEntityOfPage":"https:\/\/www.ecis.cz\/ani-ne-za-mesic-je-to-tady\/","author":{"@type":"Person","@id":"https:\/\/www.ecis.cz\/author\/devene\/#Person","name":"devene","url":"https:\/\/www.ecis.cz\/author\/devene\/","identifier":1,"image":{"@type":"ImageObject","@id":"https:\/\/secure.gravatar.com\/avatar\/b653a05acc9928bc50547a0b6ed51698115bbf59840455a4bc9d337f928ec9d6?s=96&d=mm&r=g","url":"https:\/\/secure.gravatar.com\/avatar\/b653a05acc9928bc50547a0b6ed51698115bbf59840455a4bc9d337f928ec9d6?s=96&d=mm&r=g","height":96,"width":96}},"publisher":{"@type":"Organization","name":"ecis.cz","logo":{"@type":"ImageObject","@id":"\/logo.png","url":"\/logo.png","width":600,"height":60}},"image":{"@type":"ImageObject","@id":"https:\/\/www.ecis.cz\/wp-content\/uploads\/lampa_dekorativni_aTwuMG.jpg","url":"https:\/\/www.ecis.cz\/wp-content\/uploads\/lampa_dekorativni_aTwuMG.jpg","height":0,"width":0},"wordCount":566,"keywords":null},{"@type":"Article","@id":"https:\/\/www.ecis.cz\/proc-vyuzit-profesionalniho-predsedu-svj\/","headline":"Pro\u010d vyu\u017e\u00edt profesion\u00e1ln\u00edho p\u0159edsedu SVJ","url":"https:\/\/www.ecis.cz\/proc-vyuzit-profesionalniho-predsedu-svj\/","datePublished":"2021-10-16","dateModified":"2021-10-16","mainEntityOfPage":"https:\/\/www.ecis.cz\/proc-vyuzit-profesionalniho-predsedu-svj\/","author":{"@type":"Person","@id":"https:\/\/www.ecis.cz\/author\/devene\/#Person","name":"devene","url":"https:\/\/www.ecis.cz\/author\/devene\/","identifier":1,"image":{"@type":"ImageObject","@id":"https:\/\/secure.gravatar.com\/avatar\/b653a05acc9928bc50547a0b6ed51698115bbf59840455a4bc9d337f928ec9d6?s=96&d=mm&r=g","url":"https:\/\/secure.gravatar.com\/avatar\/b653a05acc9928bc50547a0b6ed51698115bbf59840455a4bc9d337f928ec9d6?s=96&d=mm&r=g","height":96,"width":96}},"publisher":{"@type":"Organization","name":"ecis.cz","logo":{"@type":"ImageObject","@id":"\/logo.png","url":"\/logo.png","width":600,"height":60}},"image":{"@type":"ImageObject","@id":"https:\/\/www.ecis.cz\/wp-content\/uploads\/prefabricated-house-g7c124ce8b_640.jpg","url":"https:\/\/www.ecis.cz\/wp-content\/uploads\/prefabricated-house-g7c124ce8b_640.jpg","height":0,"width":0},"wordCount":626,"keywords":null},{"@type":"Article","@id":"https:\/\/www.ecis.cz\/kdyz-nema-podnikatel-dost-penez\/","headline":"Kdy\u017e nem\u00e1 podnikatel dost pen\u011bz","url":"https:\/\/www.ecis.cz\/kdyz-nema-podnikatel-dost-penez\/","datePublished":"2021-08-24","dateModified":"2021-08-24","mainEntityOfPage":"https:\/\/www.ecis.cz\/kdyz-nema-podnikatel-dost-penez\/","author":{"@type":"Person","@id":"https:\/\/www.ecis.cz\/author\/devene\/#Person","name":"devene","url":"https:\/\/www.ecis.cz\/author\/devene\/","identifier":1,"image":{"@type":"ImageObject","@id":"https:\/\/secure.gravatar.com\/avatar\/b653a05acc9928bc50547a0b6ed51698115bbf59840455a4bc9d337f928ec9d6?s=96&d=mm&r=g","url":"https:\/\/secure.gravatar.com\/avatar\/b653a05acc9928bc50547a0b6ed51698115bbf59840455a4bc9d337f928ec9d6?s=96&d=mm&r=g","height":96,"width":96}},"publisher":{"@type":"Organization","name":"ecis.cz","logo":{"@type":"ImageObject","@id":"\/logo.png","url":"\/logo.png","width":600,"height":60}},"image":{"@type":"ImageObject","@id":"https:\/\/www.ecis.cz\/wp-content\/uploads\/polsk%C3%A9%20pen%C3%ADze_10_5.jpg","url":"https:\/\/www.ecis.cz\/wp-content\/uploads\/polsk%C3%A9%20pen%C3%ADze_10_5.jpg","height":0,"width":0},"wordCount":667,"keywords":null},{"@type":"Article","@id":"https:\/\/www.ecis.cz\/ne-kazdemu-staci-penize\/","headline":"Ne ka\u017ed\u00e9mu sta\u010d\u00ed pen\u00edze","url":"https:\/\/www.ecis.cz\/ne-kazdemu-staci-penize\/","datePublished":"2021-08-11","dateModified":"2021-08-11","mainEntityOfPage":"https:\/\/www.ecis.cz\/ne-kazdemu-staci-penize\/","author":{"@type":"Person","@id":"https:\/\/www.ecis.cz\/author\/devene\/#Person","name":"devene","url":"https:\/\/www.ecis.cz\/author\/devene\/","identifier":1,"image":{"@type":"ImageObject","@id":"https:\/\/secure.gravatar.com\/avatar\/b653a05acc9928bc50547a0b6ed51698115bbf59840455a4bc9d337f928ec9d6?s=96&d=mm&r=g","url":"https:\/\/secure.gravatar.com\/avatar\/b653a05acc9928bc50547a0b6ed51698115bbf59840455a4bc9d337f928ec9d6?s=96&d=mm&r=g","height":96,"width":96}},"publisher":{"@type":"Organization","name":"ecis.cz","logo":{"@type":"ImageObject","@id":"\/logo.png","url":"\/logo.png","width":600,"height":60}},"image":{"@type":"ImageObject","@id":"https:\/\/www.ecis.cz\/wp-content\/uploads\/otev%C5%99en%C3%BD%20trezorek.jpg","url":"https:\/\/www.ecis.cz\/wp-content\/uploads\/otev%C5%99en%C3%BD%20trezorek.jpg","height":0,"width":0},"wordCount":670,"keywords":null},{"@type":"Article","@id":"https:\/\/www.ecis.cz\/kdyz-potrebuje-podnikatel-pujcit\/","headline":"Kdy\u017e pot\u0159ebuje podnikatel p\u016fj\u010dit","url":"https:\/\/www.ecis.cz\/kdyz-potrebuje-podnikatel-pujcit\/","datePublished":"2021-07-20","dateModified":"2021-07-20","mainEntityOfPage":"https:\/\/www.ecis.cz\/kdyz-potrebuje-podnikatel-pujcit\/","author":{"@type":"Person","@id":"https:\/\/www.ecis.cz\/author\/devene\/#Person","name":"devene","url":"https:\/\/www.ecis.cz\/author\/devene\/","identifier":1,"image":{"@type":"ImageObject","@id":"https:\/\/secure.gravatar.com\/avatar\/b653a05acc9928bc50547a0b6ed51698115bbf59840455a4bc9d337f928ec9d6?s=96&d=mm&r=g","url":"https:\/\/secure.gravatar.com\/avatar\/b653a05acc9928bc50547a0b6ed51698115bbf59840455a4bc9d337f928ec9d6?s=96&d=mm&r=g","height":96,"width":96}},"publisher":{"@type":"Organization","name":"ecis.cz","logo":{"@type":"ImageObject","@id":"\/logo.png","url":"\/logo.png","width":600,"height":60}},"image":{"@type":"ImageObject","@id":"https:\/\/www.ecis.cz\/wp-content\/uploads\/ciz%C3%AD%20pen%C3%ADze_10_9.jpg","url":"https:\/\/www.ecis.cz\/wp-content\/uploads\/ciz%C3%AD%20pen%C3%ADze_10_9.jpg","height":0,"width":0},"wordCount":637,"keywords":null},{"@type":"Article","@id":"https:\/\/www.ecis.cz\/hubnete-efektivne-bez-jojo-efektu\/","headline":"Hubn\u011bte efektivn\u011b bez jojo efektu!","url":"https:\/\/www.ecis.cz\/hubnete-efektivne-bez-jojo-efektu\/","datePublished":"2020-05-09","dateModified":"2023-05-31","mainEntityOfPage":"https:\/\/www.ecis.cz\/hubnete-efektivne-bez-jojo-efektu\/","author":{"@type":"Person","@id":"https:\/\/www.ecis.cz\/author\/devene\/#Person","name":"devene","url":"https:\/\/www.ecis.cz\/author\/devene\/","identifier":1,"image":{"@type":"ImageObject","@id":"https:\/\/secure.gravatar.com\/avatar\/b653a05acc9928bc50547a0b6ed51698115bbf59840455a4bc9d337f928ec9d6?s=96&d=mm&r=g","url":"https:\/\/secure.gravatar.com\/avatar\/b653a05acc9928bc50547a0b6ed51698115bbf59840455a4bc9d337f928ec9d6?s=96&d=mm&r=g","height":96,"width":96}},"publisher":{"@type":"Organization","name":"ecis.cz","logo":{"@type":"ImageObject","@id":"\/logo.png","url":"\/logo.png","width":600,"height":60}},"image":{"@type":"ImageObject","@id":"https:\/\/www.ecis.cz\/wp-content\/uploads\/tape-403593_1920.jpg","url":"https:\/\/www.ecis.cz\/wp-content\/uploads\/tape-403593_1920.jpg","height":0,"width":0},"wordCount":622,"keywords":null},{"@type":"Article","@id":"https:\/\/www.ecis.cz\/zubni-ordinace-liberec\/","headline":"Zubn\u00ed ordinace Liberec","url":"https:\/\/www.ecis.cz\/zubni-ordinace-liberec\/","datePublished":"2020-04-11","dateModified":"2020-04-11","mainEntityOfPage":"https:\/\/www.ecis.cz\/zubni-ordinace-liberec\/","author":{"@type":"Person","@id":"https:\/\/www.ecis.cz\/author\/devene\/#Person","name":"devene","url":"https:\/\/www.ecis.cz\/author\/devene\/","identifier":1,"image":{"@type":"ImageObject","@id":"https:\/\/secure.gravatar.com\/avatar\/b653a05acc9928bc50547a0b6ed51698115bbf59840455a4bc9d337f928ec9d6?s=96&d=mm&r=g","url":"https:\/\/secure.gravatar.com\/avatar\/b653a05acc9928bc50547a0b6ed51698115bbf59840455a4bc9d337f928ec9d6?s=96&d=mm&r=g","height":96,"width":96}},"publisher":{"@type":"Organization","name":"ecis.cz","logo":{"@type":"ImageObject","@id":"\/logo.png","url":"\/logo.png","width":600,"height":60}},"image":{"@type":"ImageObject","@id":"https:\/\/www.ecis.cz\/wp-content\/uploads\/m%C4%9Bsto%20Liberec.png","url":"https:\/\/www.ecis.cz\/wp-content\/uploads\/m%C4%9Bsto%20Liberec.png","height":0,"width":0},"wordCount":714,"keywords":null},{"@type":"Article","@id":"https:\/\/www.ecis.cz\/nova-zarovka-do-auta\/","headline":"Nov\u00e1 \u017e\u00e1rovka do auta","url":"https:\/\/www.ecis.cz\/nova-zarovka-do-auta\/","datePublished":"2019-10-21","dateModified":"2023-12-07","mainEntityOfPage":"https:\/\/www.ecis.cz\/nova-zarovka-do-auta\/","author":{"@type":"Person","@id":"https:\/\/www.ecis.cz\/author\/devene\/#Person","name":"devene","url":"https:\/\/www.ecis.cz\/author\/devene\/","identifier":1,"image":{"@type":"ImageObject","@id":"https:\/\/secure.gravatar.com\/avatar\/b653a05acc9928bc50547a0b6ed51698115bbf59840455a4bc9d337f928ec9d6?s=96&d=mm&r=g","url":"https:\/\/secure.gravatar.com\/avatar\/b653a05acc9928bc50547a0b6ed51698115bbf59840455a4bc9d337f928ec9d6?s=96&d=mm&r=g","height":96,"width":96}},"publisher":{"@type":"Organization","name":"ecis.cz","logo":{"@type":"ImageObject","@id":"\/logo.png","url":"\/logo.png","width":600,"height":60}},"image":{"@type":"ImageObject","@id":"https:\/\/www.ecis.cz\/wp-content\/uploads\/img_a368843_w2165_t1581052542.jpg","url":"https:\/\/www.ecis.cz\/wp-content\/uploads\/img_a368843_w2165_t1581052542.jpg","height":0,"width":0},"wordCount":4467,"keywords":null}]},{"@context":"https:\/\/schema.org","@type":"WebSite","@id":"https:\/\/www.ecis.cz\/#website","name":"Ecis","url":"https:\/\/www.ecis.cz","potentialAction":{"@type":"SearchAction","target":"https:\/\/www.ecis.cz\/?s={search_term_string}","query-input":"required name=search_term_string"}}]