[{"@context":"https:\/\/schema.org\/","@type":"Blog","@id":"https:\/\/www.ecis.cz#Blog","headline":"Ecis","description":"\nNen\u00ed na sv\u011bt\u011b probl\u00e9m, kter\u00fd by se nedal n\u011bjak vy\u0159e\u0161it. A pokud u\u017e si s n\u00edm sami nev\u00edte rady, klidn\u011b vyu\u017eijte n\u00e1\u0161 web, na kter\u00e9m se do\u010dk\u00e1te pomoci.","url":"https:\/\/www.ecis.cz","hasPart":[{"@type":"Article","@id":"https:\/\/www.ecis.cz\/jak-na-vanoce-vyzdobit-domov\/","headline":"Jak na V\u00e1noce vyzdobit domov?","url":"https:\/\/www.ecis.cz\/jak-na-vanoce-vyzdobit-domov\/","datePublished":"2022-12-24","dateModified":"2023-11-25","mainEntityOfPage":"https:\/\/www.ecis.cz\/jak-na-vanoce-vyzdobit-domov\/","author":{"@type":"Person","@id":"https:\/\/www.ecis.cz\/author\/devene\/#Person","name":"devene","url":"https:\/\/www.ecis.cz\/author\/devene\/","identifier":1,"image":{"@type":"ImageObject","@id":"https:\/\/secure.gravatar.com\/avatar\/b653a05acc9928bc50547a0b6ed51698115bbf59840455a4bc9d337f928ec9d6?s=96&d=mm&r=g","url":"https:\/\/secure.gravatar.com\/avatar\/b653a05acc9928bc50547a0b6ed51698115bbf59840455a4bc9d337f928ec9d6?s=96&d=mm&r=g","height":96,"width":96}},"publisher":{"@type":"Organization","name":"ecis.cz","logo":{"@type":"ImageObject","@id":"\/logo.png","url":"\/logo.png","width":600,"height":60}},"image":{"@type":"ImageObject","@id":"https:\/\/www.ecis.cz\/wp-content\/uploads\/red-2892235_1280_2.png","url":"https:\/\/www.ecis.cz\/wp-content\/uploads\/red-2892235_1280_2.png","height":0,"width":0},"wordCount":900,"keywords":null},{"@type":"Article","@id":"https:\/\/www.ecis.cz\/nechejte-si-udelat-autofolii-na-karoserii\/","headline":"Nechejte si ud\u011blat autof\u00f3lii na karoserii","url":"https:\/\/www.ecis.cz\/nechejte-si-udelat-autofolii-na-karoserii\/","datePublished":"2022-12-24","dateModified":"2023-04-25","mainEntityOfPage":"https:\/\/www.ecis.cz\/nechejte-si-udelat-autofolii-na-karoserii\/","author":{"@type":"Person","@id":"https:\/\/www.ecis.cz\/author\/devene\/#Person","name":"devene","url":"https:\/\/www.ecis.cz\/author\/devene\/","identifier":1,"image":{"@type":"ImageObject","@id":"https:\/\/secure.gravatar.com\/avatar\/b653a05acc9928bc50547a0b6ed51698115bbf59840455a4bc9d337f928ec9d6?s=96&d=mm&r=g","url":"https:\/\/secure.gravatar.com\/avatar\/b653a05acc9928bc50547a0b6ed51698115bbf59840455a4bc9d337f928ec9d6?s=96&d=mm&r=g","height":96,"width":96}},"publisher":{"@type":"Organization","name":"ecis.cz","logo":{"@type":"ImageObject","@id":"\/logo.png","url":"\/logo.png","width":600,"height":60}},"image":{"@type":"ImageObject","@id":"https:\/\/www.ecis.cz\/wp-content\/uploads\/foli.JPG","url":"https:\/\/www.ecis.cz\/wp-content\/uploads\/foli.JPG","height":0,"width":0},"wordCount":568,"keywords":null},{"@type":"Article","@id":"https:\/\/www.ecis.cz\/nekdy-je-technika-slozita\/","headline":"N\u011bkdy je technika slo\u017eit\u00e1","url":"https:\/\/www.ecis.cz\/nekdy-je-technika-slozita\/","datePublished":"2022-11-25","dateModified":"2023-10-26","mainEntityOfPage":"https:\/\/www.ecis.cz\/nekdy-je-technika-slozita\/","author":{"@type":"Person","@id":"https:\/\/www.ecis.cz\/author\/devene\/#Person","name":"devene","url":"https:\/\/www.ecis.cz\/author\/devene\/","identifier":1,"image":{"@type":"ImageObject","@id":"https:\/\/secure.gravatar.com\/avatar\/b653a05acc9928bc50547a0b6ed51698115bbf59840455a4bc9d337f928ec9d6?s=96&d=mm&r=g","url":"https:\/\/secure.gravatar.com\/avatar\/b653a05acc9928bc50547a0b6ed51698115bbf59840455a4bc9d337f928ec9d6?s=96&d=mm&r=g","height":96,"width":96}},"publisher":{"@type":"Organization","name":"ecis.cz","logo":{"@type":"ImageObject","@id":"\/logo.png","url":"\/logo.png","width":600,"height":60}},"image":{"@type":"ImageObject","@id":"https:\/\/www.ecis.cz\/wp-content\/uploads\/computer-4484282_1280_1.jpg","url":"https:\/\/www.ecis.cz\/wp-content\/uploads\/computer-4484282_1280_1.jpg","height":0,"width":0},"wordCount":814,"keywords":null},{"@type":"Article","@id":"https:\/\/www.ecis.cz\/zkuste-si-zahrat-se-zavazanyma-ocima\/","headline":"Zkuste si zahr\u00e1t se zav\u00e1zan\u00fdma o\u010dima","url":"https:\/\/www.ecis.cz\/zkuste-si-zahrat-se-zavazanyma-ocima\/","datePublished":"2022-11-03","dateModified":"2023-04-25","mainEntityOfPage":"https:\/\/www.ecis.cz\/zkuste-si-zahrat-se-zavazanyma-ocima\/","author":{"@type":"Person","@id":"https:\/\/www.ecis.cz\/author\/devene\/#Person","name":"devene","url":"https:\/\/www.ecis.cz\/author\/devene\/","identifier":1,"image":{"@type":"ImageObject","@id":"https:\/\/secure.gravatar.com\/avatar\/b653a05acc9928bc50547a0b6ed51698115bbf59840455a4bc9d337f928ec9d6?s=96&d=mm&r=g","url":"https:\/\/secure.gravatar.com\/avatar\/b653a05acc9928bc50547a0b6ed51698115bbf59840455a4bc9d337f928ec9d6?s=96&d=mm&r=g","height":96,"width":96}},"publisher":{"@type":"Organization","name":"ecis.cz","logo":{"@type":"ImageObject","@id":"\/logo.png","url":"\/logo.png","width":600,"height":60}},"image":{"@type":"ImageObject","@id":"https:\/\/www.ecis.cz\/wp-content\/uploads\/d%C4%9Bt_10_3.JPG","url":"https:\/\/www.ecis.cz\/wp-content\/uploads\/d%C4%9Bt_10_3.JPG","height":0,"width":0},"wordCount":576,"keywords":null},{"@type":"Article","@id":"https:\/\/www.ecis.cz\/vse-pro-kutily\/","headline":"V\u0161e pro kutily","url":"https:\/\/www.ecis.cz\/vse-pro-kutily\/","datePublished":"2022-10-28","dateModified":"2022-10-28","mainEntityOfPage":"https:\/\/www.ecis.cz\/vse-pro-kutily\/","author":{"@type":"Person","@id":"https:\/\/www.ecis.cz\/author\/devene\/#Person","name":"devene","url":"https:\/\/www.ecis.cz\/author\/devene\/","identifier":1,"image":{"@type":"ImageObject","@id":"https:\/\/secure.gravatar.com\/avatar\/b653a05acc9928bc50547a0b6ed51698115bbf59840455a4bc9d337f928ec9d6?s=96&d=mm&r=g","url":"https:\/\/secure.gravatar.com\/avatar\/b653a05acc9928bc50547a0b6ed51698115bbf59840455a4bc9d337f928ec9d6?s=96&d=mm&r=g","height":96,"width":96}},"publisher":{"@type":"Organization","name":"ecis.cz","logo":{"@type":"ImageObject","@id":"\/logo.png","url":"\/logo.png","width":600,"height":60}},"image":{"@type":"ImageObject","@id":"https:\/\/www.ecis.cz\/wp-content\/uploads\/radio-frequency-connectors-4500341_960_720.jpg","url":"https:\/\/www.ecis.cz\/wp-content\/uploads\/radio-frequency-connectors-4500341_960_720.jpg","height":0,"width":0},"wordCount":577,"keywords":null},{"@type":"Article","@id":"https:\/\/www.ecis.cz\/eko-prebalovani\/","headline":"Eko p\u0159ebalov\u00e1n\u00ed","url":"https:\/\/www.ecis.cz\/eko-prebalovani\/","datePublished":"2022-10-09","dateModified":"2022-10-09","mainEntityOfPage":"https:\/\/www.ecis.cz\/eko-prebalovani\/","author":{"@type":"Person","@id":"https:\/\/www.ecis.cz\/author\/devene\/#Person","name":"devene","url":"https:\/\/www.ecis.cz\/author\/devene\/","identifier":1,"image":{"@type":"ImageObject","@id":"https:\/\/secure.gravatar.com\/avatar\/b653a05acc9928bc50547a0b6ed51698115bbf59840455a4bc9d337f928ec9d6?s=96&d=mm&r=g","url":"https:\/\/secure.gravatar.com\/avatar\/b653a05acc9928bc50547a0b6ed51698115bbf59840455a4bc9d337f928ec9d6?s=96&d=mm&r=g","height":96,"width":96}},"publisher":{"@type":"Organization","name":"ecis.cz","logo":{"@type":"ImageObject","@id":"\/logo.png","url":"\/logo.png","width":600,"height":60}},"image":{"@type":"ImageObject","@id":"https:\/\/www.ecis.cz\/wp-content\/uploads\/diapers-3476133_640_4.jpg","url":"https:\/\/www.ecis.cz\/wp-content\/uploads\/diapers-3476133_640_4.jpg","height":0,"width":0},"wordCount":576,"keywords":null},{"@type":"Article","@id":"https:\/\/www.ecis.cz\/kvalitni-skrine\/","headline":"Kvalitn\u00ed sk\u0159\u00edn\u011b","url":"https:\/\/www.ecis.cz\/kvalitni-skrine\/","datePublished":"2022-08-21","dateModified":"2022-08-21","mainEntityOfPage":"https:\/\/www.ecis.cz\/kvalitni-skrine\/","author":{"@type":"Person","@id":"https:\/\/www.ecis.cz\/author\/devene\/#Person","name":"devene","url":"https:\/\/www.ecis.cz\/author\/devene\/","identifier":1,"image":{"@type":"ImageObject","@id":"https:\/\/secure.gravatar.com\/avatar\/b653a05acc9928bc50547a0b6ed51698115bbf59840455a4bc9d337f928ec9d6?s=96&d=mm&r=g","url":"https:\/\/secure.gravatar.com\/avatar\/b653a05acc9928bc50547a0b6ed51698115bbf59840455a4bc9d337f928ec9d6?s=96&d=mm&r=g","height":96,"width":96}},"publisher":{"@type":"Organization","name":"ecis.cz","logo":{"@type":"ImageObject","@id":"\/logo.png","url":"\/logo.png","width":600,"height":60}},"image":{"@type":"ImageObject","@id":"https:\/\/www.ecis.cz\/wp-content\/uploads\/children-4508017_960_720_1.jpg","url":"https:\/\/www.ecis.cz\/wp-content\/uploads\/children-4508017_960_720_1.jpg","height":0,"width":0},"wordCount":561,"keywords":null},{"@type":"Article","@id":"https:\/\/www.ecis.cz\/vycestujte-s-karavanem-na-okruzni-jizdu-po-republice\/","headline":"Vycestujte s karavanem na okru\u017en\u00ed j\u00edzdu po republice","url":"https:\/\/www.ecis.cz\/vycestujte-s-karavanem-na-okruzni-jizdu-po-republice\/","datePublished":"2022-05-31","dateModified":"2023-05-31","mainEntityOfPage":"https:\/\/www.ecis.cz\/vycestujte-s-karavanem-na-okruzni-jizdu-po-republice\/","author":{"@type":"Person","@id":"https:\/\/www.ecis.cz\/author\/devene\/#Person","name":"devene","url":"https:\/\/www.ecis.cz\/author\/devene\/","identifier":1,"image":{"@type":"ImageObject","@id":"https:\/\/secure.gravatar.com\/avatar\/b653a05acc9928bc50547a0b6ed51698115bbf59840455a4bc9d337f928ec9d6?s=96&d=mm&r=g","url":"https:\/\/secure.gravatar.com\/avatar\/b653a05acc9928bc50547a0b6ed51698115bbf59840455a4bc9d337f928ec9d6?s=96&d=mm&r=g","height":96,"width":96}},"publisher":{"@type":"Organization","name":"ecis.cz","logo":{"@type":"ImageObject","@id":"\/logo.png","url":"\/logo.png","width":600,"height":60}},"image":{"@type":"ImageObject","@id":"https:\/\/www.ecis.cz\/wp-content\/uploads\/sumava-4706709_640_1.jpg","url":"https:\/\/www.ecis.cz\/wp-content\/uploads\/sumava-4706709_640_1.jpg","height":0,"width":0},"wordCount":554,"keywords":null},{"@type":"Article","@id":"https:\/\/www.ecis.cz\/podle-svych-predstav\/","headline":"Podle sv\u00fdch p\u0159edstav","url":"https:\/\/www.ecis.cz\/podle-svych-predstav\/","datePublished":"2022-04-27","dateModified":"2022-04-27","mainEntityOfPage":"https:\/\/www.ecis.cz\/podle-svych-predstav\/","author":{"@type":"Person","@id":"https:\/\/www.ecis.cz\/author\/devene\/#Person","name":"devene","url":"https:\/\/www.ecis.cz\/author\/devene\/","identifier":1,"image":{"@type":"ImageObject","@id":"https:\/\/secure.gravatar.com\/avatar\/b653a05acc9928bc50547a0b6ed51698115bbf59840455a4bc9d337f928ec9d6?s=96&d=mm&r=g","url":"https:\/\/secure.gravatar.com\/avatar\/b653a05acc9928bc50547a0b6ed51698115bbf59840455a4bc9d337f928ec9d6?s=96&d=mm&r=g","height":96,"width":96}},"publisher":{"@type":"Organization","name":"ecis.cz","logo":{"@type":"ImageObject","@id":"\/logo.png","url":"\/logo.png","width":600,"height":60}},"image":{"@type":"ImageObject","@id":"https:\/\/www.ecis.cz\/wp-content\/uploads\/3d-printing-nieuws.jpg","url":"https:\/\/www.ecis.cz\/wp-content\/uploads\/3d-printing-nieuws.jpg","height":0,"width":0},"wordCount":527,"keywords":null},{"@type":"Article","@id":"https:\/\/www.ecis.cz\/zbavte-sve-deti-plochych-nohou-skakanim-na-trampoline\/","headline":"Zbavte sv\u00e9 d\u011bti ploch\u00fdch nohou sk\u00e1k\u00e1n\u00edm na trampol\u00edn\u011b","url":"https:\/\/www.ecis.cz\/zbavte-sve-deti-plochych-nohou-skakanim-na-trampoline\/","datePublished":"2022-04-04","dateModified":"2022-04-04","mainEntityOfPage":"https:\/\/www.ecis.cz\/zbavte-sve-deti-plochych-nohou-skakanim-na-trampoline\/","author":{"@type":"Person","@id":"https:\/\/www.ecis.cz\/author\/devene\/#Person","name":"devene","url":"https:\/\/www.ecis.cz\/author\/devene\/","identifier":1,"image":{"@type":"ImageObject","@id":"https:\/\/secure.gravatar.com\/avatar\/b653a05acc9928bc50547a0b6ed51698115bbf59840455a4bc9d337f928ec9d6?s=96&d=mm&r=g","url":"https:\/\/secure.gravatar.com\/avatar\/b653a05acc9928bc50547a0b6ed51698115bbf59840455a4bc9d337f928ec9d6?s=96&d=mm&r=g","height":96,"width":96}},"publisher":{"@type":"Organization","name":"ecis.cz","logo":{"@type":"ImageObject","@id":"\/logo.png","url":"\/logo.png","width":600,"height":60}},"image":{"@type":"ImageObject","@id":"https:\/\/www.ecis.cz\/wp-content\/uploads\/pexels-karolina-grabowska-4964509_1.jpg","url":"https:\/\/www.ecis.cz\/wp-content\/uploads\/pexels-karolina-grabowska-4964509_1.jpg","height":0,"width":0},"wordCount":560,"keywords":null}]},{"@context":"https:\/\/schema.org","@type":"WebSite","@id":"https:\/\/www.ecis.cz\/#website","name":"Ecis","url":"https:\/\/www.ecis.cz","potentialAction":{"@type":"SearchAction","target":"https:\/\/www.ecis.cz\/?s={search_term_string}","query-input":"required name=search_term_string"}}]