[{"@context":"https:\/\/schema.org\/","@type":"Blog","@id":"https:\/\/www.ecis.cz#Blog","headline":"Ecis","description":"\nNen\u00ed na sv\u011bt\u011b probl\u00e9m, kter\u00fd by se nedal n\u011bjak vy\u0159e\u0161it. A pokud u\u017e si s n\u00edm sami nev\u00edte rady, klidn\u011b vyu\u017eijte n\u00e1\u0161 web, na kter\u00e9m se do\u010dk\u00e1te pomoci.","url":"https:\/\/www.ecis.cz","hasPart":[{"@type":"Article","@id":"https:\/\/www.ecis.cz\/to-nejlepsi-od-odborniku\/","headline":"To nejlep\u0161\u00ed od odborn\u00edk\u016f","url":"https:\/\/www.ecis.cz\/to-nejlepsi-od-odborniku\/","datePublished":"2023-06-20","dateModified":"2024-06-24","mainEntityOfPage":"https:\/\/www.ecis.cz\/to-nejlepsi-od-odborniku\/","author":{"@type":"Person","@id":"https:\/\/www.ecis.cz\/author\/devene\/#Person","name":"devene","url":"https:\/\/www.ecis.cz\/author\/devene\/","identifier":1,"image":{"@type":"ImageObject","@id":"https:\/\/secure.gravatar.com\/avatar\/b653a05acc9928bc50547a0b6ed51698115bbf59840455a4bc9d337f928ec9d6?s=96&d=mm&r=g","url":"https:\/\/secure.gravatar.com\/avatar\/b653a05acc9928bc50547a0b6ed51698115bbf59840455a4bc9d337f928ec9d6?s=96&d=mm&r=g","height":96,"width":96}},"publisher":{"@type":"Organization","name":"ecis.cz","logo":{"@type":"ImageObject","@id":"\/logo.png","url":"\/logo.png","width":600,"height":60}},"image":null,"wordCount":265,"keywords":null},{"@type":"Article","@id":"https:\/\/www.ecis.cz\/jakych-je-10-kriterii-pro-vyber-idealni-uklidove-firmy\/","headline":"Jak\u00fdch je 10 krit\u00e9ri\u00ed pro v\u00fdb\u011br ide\u00e1ln\u00ed \u00faklidov\u00e9 firmy","url":"https:\/\/www.ecis.cz\/jakych-je-10-kriterii-pro-vyber-idealni-uklidove-firmy\/","datePublished":"2023-06-19","dateModified":"2023-07-19","mainEntityOfPage":"https:\/\/www.ecis.cz\/jakych-je-10-kriterii-pro-vyber-idealni-uklidove-firmy\/","author":{"@type":"Person","@id":"https:\/\/www.ecis.cz\/author\/devene\/#Person","name":"devene","url":"https:\/\/www.ecis.cz\/author\/devene\/","identifier":1,"image":{"@type":"ImageObject","@id":"https:\/\/secure.gravatar.com\/avatar\/b653a05acc9928bc50547a0b6ed51698115bbf59840455a4bc9d337f928ec9d6?s=96&d=mm&r=g","url":"https:\/\/secure.gravatar.com\/avatar\/b653a05acc9928bc50547a0b6ed51698115bbf59840455a4bc9d337f928ec9d6?s=96&d=mm&r=g","height":96,"width":96}},"publisher":{"@type":"Organization","name":"ecis.cz","logo":{"@type":"ImageObject","@id":"\/logo.png","url":"\/logo.png","width":600,"height":60}},"image":{"@type":"ImageObject","@id":"https:\/\/www.ecis.cz\/wp-content\/uploads\/uklid1_4.jpg","url":"https:\/\/www.ecis.cz\/wp-content\/uploads\/uklid1_4.jpg","height":0,"width":0},"wordCount":672,"keywords":null},{"@type":"Article","@id":"https:\/\/www.ecis.cz\/pekne-bydleni\/","headline":"P\u011bkn\u00e9 bydlen\u00ed","url":"https:\/\/www.ecis.cz\/pekne-bydleni\/","datePublished":"2023-05-29","dateModified":"2023-06-30","mainEntityOfPage":"https:\/\/www.ecis.cz\/pekne-bydleni\/","author":{"@type":"Person","@id":"https:\/\/www.ecis.cz\/author\/devene\/#Person","name":"devene","url":"https:\/\/www.ecis.cz\/author\/devene\/","identifier":1,"image":{"@type":"ImageObject","@id":"https:\/\/secure.gravatar.com\/avatar\/b653a05acc9928bc50547a0b6ed51698115bbf59840455a4bc9d337f928ec9d6?s=96&d=mm&r=g","url":"https:\/\/secure.gravatar.com\/avatar\/b653a05acc9928bc50547a0b6ed51698115bbf59840455a4bc9d337f928ec9d6?s=96&d=mm&r=g","height":96,"width":96}},"publisher":{"@type":"Organization","name":"ecis.cz","logo":{"@type":"ImageObject","@id":"\/logo.png","url":"\/logo.png","width":600,"height":60}},"image":{"@type":"ImageObject","@id":"https:\/\/www.ecis.cz\/wp-content\/uploads\/house-2729079_1280.jpg","url":"https:\/\/www.ecis.cz\/wp-content\/uploads\/house-2729079_1280.jpg","height":0,"width":0},"wordCount":579,"keywords":null},{"@type":"Article","@id":"https:\/\/www.ecis.cz\/3-duvody-diky-kterym-budete-psat-poznamky-uz-jen-na-notebooku\/","headline":"3 d\u016fvody, d\u00edky kter\u00fdm budete ps\u00e1t pozn\u00e1mky u\u017e jen na notebooku","url":"https:\/\/www.ecis.cz\/3-duvody-diky-kterym-budete-psat-poznamky-uz-jen-na-notebooku\/","datePublished":"2023-05-27","dateModified":"2023-06-27","mainEntityOfPage":"https:\/\/www.ecis.cz\/3-duvody-diky-kterym-budete-psat-poznamky-uz-jen-na-notebooku\/","author":{"@type":"Person","@id":"https:\/\/www.ecis.cz\/author\/devene\/#Person","name":"devene","url":"https:\/\/www.ecis.cz\/author\/devene\/","identifier":1,"image":{"@type":"ImageObject","@id":"https:\/\/secure.gravatar.com\/avatar\/b653a05acc9928bc50547a0b6ed51698115bbf59840455a4bc9d337f928ec9d6?s=96&d=mm&r=g","url":"https:\/\/secure.gravatar.com\/avatar\/b653a05acc9928bc50547a0b6ed51698115bbf59840455a4bc9d337f928ec9d6?s=96&d=mm&r=g","height":96,"width":96}},"publisher":{"@type":"Organization","name":"ecis.cz","logo":{"@type":"ImageObject","@id":"\/logo.png","url":"\/logo.png","width":600,"height":60}},"image":{"@type":"ImageObject","@id":"https:\/\/www.ecis.cz\/wp-content\/uploads\/laptop-3087585_1280_1.jpg","url":"https:\/\/www.ecis.cz\/wp-content\/uploads\/laptop-3087585_1280_1.jpg","height":0,"width":0},"wordCount":580,"keywords":null},{"@type":"Article","@id":"https:\/\/www.ecis.cz\/za-jakou-cenu-si-zalozim-sro\/","headline":"Za jakou cenu si zalo\u017e\u00edm sro?","url":"https:\/\/www.ecis.cz\/za-jakou-cenu-si-zalozim-sro\/","datePublished":"2023-05-27","dateModified":"2023-06-27","mainEntityOfPage":"https:\/\/www.ecis.cz\/za-jakou-cenu-si-zalozim-sro\/","author":{"@type":"Person","@id":"https:\/\/www.ecis.cz\/author\/devene\/#Person","name":"devene","url":"https:\/\/www.ecis.cz\/author\/devene\/","identifier":1,"image":{"@type":"ImageObject","@id":"https:\/\/secure.gravatar.com\/avatar\/b653a05acc9928bc50547a0b6ed51698115bbf59840455a4bc9d337f928ec9d6?s=96&d=mm&r=g","url":"https:\/\/secure.gravatar.com\/avatar\/b653a05acc9928bc50547a0b6ed51698115bbf59840455a4bc9d337f928ec9d6?s=96&d=mm&r=g","height":96,"width":96}},"publisher":{"@type":"Organization","name":"ecis.cz","logo":{"@type":"ImageObject","@id":"\/logo.png","url":"\/logo.png","width":600,"height":60}},"image":{"@type":"ImageObject","@id":"https:\/\/www.ecis.cz\/wp-content\/uploads\/woman-1459220_1280.png","url":"https:\/\/www.ecis.cz\/wp-content\/uploads\/woman-1459220_1280.png","height":0,"width":0},"wordCount":623,"keywords":null},{"@type":"Article","@id":"https:\/\/www.ecis.cz\/potkate-li-partnerku-co-vam-vyhovuje-snazte-se-ji-udrzet\/","headline":"Potk\u00e1te-li partnerku, co v\u00e1m vyhovuje, sna\u017ete se j\u00ed udr\u017eet","url":"https:\/\/www.ecis.cz\/potkate-li-partnerku-co-vam-vyhovuje-snazte-se-ji-udrzet\/","datePublished":"2023-05-23","dateModified":"2023-05-23","mainEntityOfPage":"https:\/\/www.ecis.cz\/potkate-li-partnerku-co-vam-vyhovuje-snazte-se-ji-udrzet\/","author":{"@type":"Person","@id":"https:\/\/www.ecis.cz\/author\/devene\/#Person","name":"devene","url":"https:\/\/www.ecis.cz\/author\/devene\/","identifier":1,"image":{"@type":"ImageObject","@id":"https:\/\/secure.gravatar.com\/avatar\/b653a05acc9928bc50547a0b6ed51698115bbf59840455a4bc9d337f928ec9d6?s=96&d=mm&r=g","url":"https:\/\/secure.gravatar.com\/avatar\/b653a05acc9928bc50547a0b6ed51698115bbf59840455a4bc9d337f928ec9d6?s=96&d=mm&r=g","height":96,"width":96}},"publisher":{"@type":"Organization","name":"ecis.cz","logo":{"@type":"ImageObject","@id":"\/logo.png","url":"\/logo.png","width":600,"height":60}},"image":{"@type":"ImageObject","@id":"https:\/\/www.ecis.cz\/wp-content\/uploads\/jon-tyson-MOZ6ASCqhpo-unsplash.jpg","url":"https:\/\/www.ecis.cz\/wp-content\/uploads\/jon-tyson-MOZ6ASCqhpo-unsplash.jpg","height":0,"width":0},"wordCount":590,"keywords":null},{"@type":"Article","@id":"https:\/\/www.ecis.cz\/dedictvi-s-dluhy\/","headline":"D\u011bdictv\u00ed s dluhy?","url":"https:\/\/www.ecis.cz\/dedictvi-s-dluhy\/","datePublished":"2023-05-23","dateModified":"2023-06-23","mainEntityOfPage":"https:\/\/www.ecis.cz\/dedictvi-s-dluhy\/","author":{"@type":"Person","@id":"https:\/\/www.ecis.cz\/author\/devene\/#Person","name":"devene","url":"https:\/\/www.ecis.cz\/author\/devene\/","identifier":1,"image":{"@type":"ImageObject","@id":"https:\/\/secure.gravatar.com\/avatar\/b653a05acc9928bc50547a0b6ed51698115bbf59840455a4bc9d337f928ec9d6?s=96&d=mm&r=g","url":"https:\/\/secure.gravatar.com\/avatar\/b653a05acc9928bc50547a0b6ed51698115bbf59840455a4bc9d337f928ec9d6?s=96&d=mm&r=g","height":96,"width":96}},"publisher":{"@type":"Organization","name":"ecis.cz","logo":{"@type":"ImageObject","@id":"\/logo.png","url":"\/logo.png","width":600,"height":60}},"image":{"@type":"ImageObject","@id":"https:\/\/www.ecis.cz\/wp-content\/uploads\/money-2696229_1280.jpg","url":"https:\/\/www.ecis.cz\/wp-content\/uploads\/money-2696229_1280.jpg","height":0,"width":0},"wordCount":533,"keywords":null},{"@type":"Article","@id":"https:\/\/www.ecis.cz\/konec-drevenym-bedynkam-na-ovoce\/","headline":"Konec d\u0159ev\u011bn\u00fdm bed\u00fdnk\u00e1m na ovoce","url":"https:\/\/www.ecis.cz\/konec-drevenym-bedynkam-na-ovoce\/","datePublished":"2023-05-20","dateModified":"2023-07-24","mainEntityOfPage":"https:\/\/www.ecis.cz\/konec-drevenym-bedynkam-na-ovoce\/","author":{"@type":"Person","@id":"https:\/\/www.ecis.cz\/author\/devene\/#Person","name":"devene","url":"https:\/\/www.ecis.cz\/author\/devene\/","identifier":1,"image":{"@type":"ImageObject","@id":"https:\/\/secure.gravatar.com\/avatar\/b653a05acc9928bc50547a0b6ed51698115bbf59840455a4bc9d337f928ec9d6?s=96&d=mm&r=g","url":"https:\/\/secure.gravatar.com\/avatar\/b653a05acc9928bc50547a0b6ed51698115bbf59840455a4bc9d337f928ec9d6?s=96&d=mm&r=g","height":96,"width":96}},"publisher":{"@type":"Organization","name":"ecis.cz","logo":{"@type":"ImageObject","@id":"\/logo.png","url":"\/logo.png","width":600,"height":60}},"image":{"@type":"ImageObject","@id":"https:\/\/www.ecis.cz\/wp-content\/uploads\/apple-1702316_640.jpg","url":"https:\/\/www.ecis.cz\/wp-content\/uploads\/apple-1702316_640.jpg","height":0,"width":0},"wordCount":751,"keywords":null},{"@type":"Article","@id":"https:\/\/www.ecis.cz\/originalni-darek\/","headline":"Origin\u00e1ln\u00ed d\u00e1rek","url":"https:\/\/www.ecis.cz\/originalni-darek\/","datePublished":"2023-05-15","dateModified":"2023-06-15","mainEntityOfPage":"https:\/\/www.ecis.cz\/originalni-darek\/","author":{"@type":"Person","@id":"https:\/\/www.ecis.cz\/author\/devene\/#Person","name":"devene","url":"https:\/\/www.ecis.cz\/author\/devene\/","identifier":1,"image":{"@type":"ImageObject","@id":"https:\/\/secure.gravatar.com\/avatar\/b653a05acc9928bc50547a0b6ed51698115bbf59840455a4bc9d337f928ec9d6?s=96&d=mm&r=g","url":"https:\/\/secure.gravatar.com\/avatar\/b653a05acc9928bc50547a0b6ed51698115bbf59840455a4bc9d337f928ec9d6?s=96&d=mm&r=g","height":96,"width":96}},"publisher":{"@type":"Organization","name":"ecis.cz","logo":{"@type":"ImageObject","@id":"\/logo.png","url":"\/logo.png","width":600,"height":60}},"image":{"@type":"ImageObject","@id":"https:\/\/www.ecis.cz\/wp-content\/uploads\/race-car-804004_1280.jpg","url":"https:\/\/www.ecis.cz\/wp-content\/uploads\/race-car-804004_1280.jpg","height":0,"width":0},"wordCount":573,"keywords":null},{"@type":"Article","@id":"https:\/\/www.ecis.cz\/jak-propagovat-svou-firmu\/","headline":"Jak propagovat svou firmu?","url":"https:\/\/www.ecis.cz\/jak-propagovat-svou-firmu\/","datePublished":"2023-05-14","dateModified":"2023-06-14","mainEntityOfPage":"https:\/\/www.ecis.cz\/jak-propagovat-svou-firmu\/","author":{"@type":"Person","@id":"https:\/\/www.ecis.cz\/author\/devene\/#Person","name":"devene","url":"https:\/\/www.ecis.cz\/author\/devene\/","identifier":1,"image":{"@type":"ImageObject","@id":"https:\/\/secure.gravatar.com\/avatar\/b653a05acc9928bc50547a0b6ed51698115bbf59840455a4bc9d337f928ec9d6?s=96&d=mm&r=g","url":"https:\/\/secure.gravatar.com\/avatar\/b653a05acc9928bc50547a0b6ed51698115bbf59840455a4bc9d337f928ec9d6?s=96&d=mm&r=g","height":96,"width":96}},"publisher":{"@type":"Organization","name":"ecis.cz","logo":{"@type":"ImageObject","@id":"\/logo.png","url":"\/logo.png","width":600,"height":60}},"image":{"@type":"ImageObject","@id":"https:\/\/www.ecis.cz\/wp-content\/uploads\/pexels-photo-1031700_1.jpeg","url":"https:\/\/www.ecis.cz\/wp-content\/uploads\/pexels-photo-1031700_1.jpeg","height":0,"width":0},"wordCount":590,"keywords":null}]},{"@context":"https:\/\/schema.org","@type":"WebSite","@id":"https:\/\/www.ecis.cz\/#website","name":"Ecis","url":"https:\/\/www.ecis.cz","potentialAction":{"@type":"SearchAction","target":"https:\/\/www.ecis.cz\/?s={search_term_string}","query-input":"required name=search_term_string"}}]