[{"@context":"https:\/\/schema.org\/","@type":"Article","@id":"https:\/\/www.ecis.cz\/krasa-zen\/#Article","mainEntityOfPage":"https:\/\/www.ecis.cz\/krasa-zen\/","headline":"Kr\u00e1sa \u017een","name":"Kr\u00e1sa \u017een","description":"V\u017edycky jsem se cht\u011bla l\u00edbit, v\u017edycky jsem cht\u011bla b\u00fdt kr\u00e1sn\u00e1. Necht\u011bla jsem b\u00fdt kr\u00e1sn\u00e1 jenom sama sob\u011b, ale tak\u00e9 pro okol\u00ed. A to hlavn\u011b pro m\u00e9ho partnera. Vlastn\u011b je to u\u017e m\u016fj man\u017eel, tedy budouc\u00ed man\u017eel. M\u016fj partner m\u011b p\u0159ed p\u016fl rokem po\u017e\u00e1dal o ruku a \u0159ekl, \u017ee se \u00fapln\u011b t\u011b\u0161\u00ed na svatbu. A kdy\u017e...<p class=\"more-link-wrap\"><a href=\"https:\/\/www.ecis.cz\/krasa-zen\/\" class=\"more-link\">P\u0159e\u010d\u00edst<span class=\"screen-reader-text\"> &ldquo;Kr\u00e1sa \u017een&rdquo;<\/span> &raquo;<\/a><\/p>","datePublished":"2024-06-28","dateModified":"2024-06-28","author":{"@type":"Person","@id":"https:\/\/www.ecis.cz\/author\/devene\/#Person","name":"devene","url":"https:\/\/www.ecis.cz\/author\/devene\/","identifier":1,"image":{"@type":"ImageObject","@id":"https:\/\/secure.gravatar.com\/avatar\/b653a05acc9928bc50547a0b6ed51698115bbf59840455a4bc9d337f928ec9d6?s=96&d=mm&r=g","url":"https:\/\/secure.gravatar.com\/avatar\/b653a05acc9928bc50547a0b6ed51698115bbf59840455a4bc9d337f928ec9d6?s=96&d=mm&r=g","height":96,"width":96}},"publisher":{"@type":"Organization","name":"ecis.cz","logo":{"@type":"ImageObject","@id":"\/logo.png","url":"\/logo.png","width":600,"height":60}},"image":{"@type":"ImageObject","@id":"https:\/\/www.ecis.cz\/wp-content\/uploads\/girl-5531217_1280.jpg","url":"https:\/\/www.ecis.cz\/wp-content\/uploads\/girl-5531217_1280.jpg","height":0,"width":0},"url":"https:\/\/www.ecis.cz\/krasa-zen\/","about":["Kr\u00e1sa"],"wordCount":455,"articleBody":"V\u017edycky jsem se cht\u011bla l\u00edbit, v\u017edycky jsem cht\u011bla b\u00fdt kr\u00e1sn\u00e1. Necht\u011bla jsem b\u00fdt kr\u00e1sn\u00e1 jenom sama sob\u011b, ale tak\u00e9 pro okol\u00ed. A to hlavn\u011b pro m\u00e9ho partnera. Vlastn\u011b je to u\u017e m\u016fj man\u017eel, tedy budouc\u00ed man\u017eel. M\u016fj partner m\u011b p\u0159ed p\u016fl rokem po\u017e\u00e1dal o ruku a \u0159ekl, \u017ee se \u00fapln\u011b t\u011b\u0161\u00ed na svatbu. A kdy\u017e jsem sly\u0161ela slovo svatba a tak\u00e9 \u017e\u00e1dost o ruku a m\u011bla jsem na ruce opravdu kr\u00e1sn\u00fd prsten z b\u00edl\u00e9ho zlata a s diamantem, tak jsem si \u0159ekla, \u017ee vlastn\u011b mus\u00edm tak\u00e9 k tomu vypadat, \u017ee mus\u00edm tak\u00e9 vypadat l\u00e9pe a \u017ee mus\u00edm, aby mi to slu\u0161elo, abych byla kr\u00e1sn\u00e1.Samoz\u0159ejm\u011b, \u017ee m\u016fj partner byl tak\u00e9 r\u00e1d, \u017ee o sebe pe\u010duji. M\u011b bav\u00ed o sebe pe\u010dovat. J\u00e1 kr\u00e1su beru opravdu hodn\u011b v\u00e1\u017en\u011b, proto jsem si \u0159ekla, \u017ee by bylo nejlep\u0161\u00ed, kdyby t\u0159eba ka\u017ed\u00fd \u010dlov\u011bk si uv\u011bdomil, jestli se chce l\u00edbit s\u00e1m sob\u011b anebo jestli se chce l\u00edbit n\u011bkomu jin\u00e9mu. Nejlep\u0161\u00ed je, kdy\u017e se \u010dlov\u011bk chce l\u00edbit s\u00e1m sob\u011b, proto\u017ee kdy\u017e se \u010dlov\u011bk chce l\u00edbit s\u00e1m sob\u011b, tak to ve v\u011bt\u0161in\u011b p\u0159\u00edpad\u016f dopad\u00e1 tak, \u017ee vlastn\u011b tak\u00e9 bude u\u017e p\u011bkn\u011b p\u016fsobit na okol\u00ed. Proto\u017ee kdy\u017e \u010dlov\u011bk se bude c\u00edtit kr\u00e1sn\u011b a bude mu to vyhovovat, tak tak\u00e9 bude vlastn\u011b \u0161\u00ed\u0159it takov\u00e9 \u0161t\u011bst\u00ed a pozitivn\u00ed sv\u011btlo na okol\u00ed. A tohle jsem p\u0159esn\u011b d\u011blala j\u00e1. I kdy\u017e ano, chci se l\u00edbit i partnerovi a tak\u00e9 okol\u00ed, ale hlavn\u011b to d\u011bl\u00e1m sama pro sebe. J\u00e1 nechci, abych potom t\u0159eba v \u0161edes\u00e1ti vypadala na sedmdes\u00e1t anebo je\u0161t\u011b h\u016f\u0159. Zn\u00e1m n\u011bkter\u00e9 \u017eeny, a to hlavn\u011b i mlad\u00e9 holky, kter\u00e9 t\u0159eba o sob\u011b v\u016fbec nepe\u010duj\u00ed. Spousta \u017een o sebe v\u016fbec t\u0159eba nepe\u010duje, nedaj\u00ed ani na zdravou stravu. To je podle m\u00e9ho n\u00e1zoru opravdu hodn\u011b \u0161koda, proto\u017ee kdy\u017e \u010dlov\u011bk bude \u017e\u00edt opravdu zdrav\u011b a bude tak\u00e9 j\u00edst opravdu zdrav\u011b a bude o sebe pe\u010dovat, tak potom tak\u00e9 bude p\u016fsobit v\u00edce pozitivn\u011b a bude mu to tak\u00e9 v\u00edce slu\u0161et. J\u00e1 pat\u0159\u00edm mezi ty lidi, kte\u0159\u00ed pravideln\u011b nav\u0161t\u011bvuj\u00ed kosmetick\u00e1 studia nebo mas\u00e1\u017ee a tak\u00e9 moc r\u00e1da sportuji, a to hlavn\u011b plavu. A to m\u00e1 tak\u00e9 velice pozitivn\u00ed vliv na na\u0161e t\u011blo a na na\u0161i kr\u00e1su, a hlavn\u011b na psychickou pohodu \u010dlov\u011bka.                                                                                                                                                                                                                                                                                                                                                                                                "},{"@context":"https:\/\/schema.org\/","@type":"BreadcrumbList","itemListElement":[{"@type":"ListItem","position":1,"name":"Kr\u00e1sa \u017een","item":"https:\/\/www.ecis.cz\/krasa-zen\/#breadcrumbitem"}]}]