[{"@context":"https:\/\/schema.org\/","@type":"Article","@id":"https:\/\/www.ecis.cz\/drevo-a-hodinky-se-nevylucuji\/#Article","mainEntityOfPage":"https:\/\/www.ecis.cz\/drevo-a-hodinky-se-nevylucuji\/","headline":"D\u0159evo a hodinky se nevylu\u010duj\u00ed","name":"D\u0159evo a hodinky se nevylu\u010duj\u00ed","description":"P\u0159\u00edroda je neodd\u011blitelnou sou\u010d\u00e1st\u00ed n\u00e1s v\u0161ech. Pat\u0159\u00ed k n\u00e1m a je k n\u00e1m spjat\u00e1, i kdy\u017e si to t\u0159eba v posledn\u00ed dob\u011b moc neuv\u011bdomujeme nebo tomu nev\u011bnujeme zcela pozornost. Pokud se poohl\u00e9dneme zp\u011bt do minulosti, tak si ur\u010dit\u011b v\u0161imneme faktu, \u017ee p\u0159\u00edroda hraje neskonale d\u016fle\u017eitou roli v \u017eivotech v\u0161ech na\u0161ich p\u0159edch\u016fdc\u016f. D\u00e1v\u00e1 n\u00e1m n\u011bco, co...<p class=\"more-link-wrap\"><a href=\"https:\/\/www.ecis.cz\/drevo-a-hodinky-se-nevylucuji\/\" class=\"more-link\">P\u0159e\u010d\u00edst<span class=\"screen-reader-text\"> &ldquo;D\u0159evo a hodinky se nevylu\u010duj\u00ed&rdquo;<\/span> &raquo;<\/a><\/p>","datePublished":"2022-03-05","dateModified":"2022-03-05","author":{"@type":"Person","@id":"https:\/\/www.ecis.cz\/author\/devene\/#Person","name":"devene","url":"https:\/\/www.ecis.cz\/author\/devene\/","identifier":1,"image":{"@type":"ImageObject","@id":"https:\/\/secure.gravatar.com\/avatar\/b653a05acc9928bc50547a0b6ed51698115bbf59840455a4bc9d337f928ec9d6?s=96&d=mm&r=g","url":"https:\/\/secure.gravatar.com\/avatar\/b653a05acc9928bc50547a0b6ed51698115bbf59840455a4bc9d337f928ec9d6?s=96&d=mm&r=g","height":96,"width":96}},"publisher":{"@type":"Organization","name":"ecis.cz","logo":{"@type":"ImageObject","@id":"\/logo.png","url":"\/logo.png","width":600,"height":60}},"image":{"@type":"ImageObject","@id":"https:\/\/www.ecis.cz\/wp-content\/uploads\/p%C5%99%C3%ADroda_1.jpeg","url":"https:\/\/www.ecis.cz\/wp-content\/uploads\/p%C5%99%C3%ADroda_1.jpeg","height":0,"width":0},"url":"https:\/\/www.ecis.cz\/drevo-a-hodinky-se-nevylucuji\/","about":["Produkty"],"wordCount":438,"articleBody":"       P\u0159\u00edroda je neodd\u011blitelnou sou\u010d\u00e1st\u00ed n\u00e1s v\u0161ech. Pat\u0159\u00ed k n\u00e1m a je k n\u00e1m spjat\u00e1, i kdy\u017e si to t\u0159eba v posledn\u00ed dob\u011b moc neuv\u011bdomujeme nebo tomu nev\u011bnujeme zcela pozornost. Pokud se poohl\u00e9dneme zp\u011bt do minulosti, tak si ur\u010dit\u011b v\u0161imneme faktu, \u017ee p\u0159\u00edroda hraje neskonale d\u016fle\u017eitou roli v \u017eivotech v\u0161ech na\u0161ich p\u0159edch\u016fdc\u016f. D\u00e1v\u00e1 n\u00e1m n\u011bco, co nelze n\u011bkdy popsat ani slovy. N\u011bkdy v \u017eivot\u011b \u010dlov\u011bka nastane chv\u00edle, kdy chce b\u00fdt prost\u011b chv\u00edli s\u00e1m, v tu chv\u00edli se \u010dasto obrac\u00ed pr\u00e1v\u011b k p\u0159\u00edrod\u011b a jej\u00edm n\u00e1le\u017eitostem, a\u0165 u\u017e k hor\u00e1m, les\u016fm, potok\u016fm, ale i do ciz\u00edch kout\u016f sv\u011bta, kde pozn\u00e1v\u00e1 dal\u0161\u00ed kr\u00e1sy p\u0159\u00edrody. Nelze tvrdit, \u017ee n\u00e1s p\u0159\u00edroda v dne\u0161n\u00edm sv\u011bt\u011b ji\u017e neovliv\u0148uje. Je tomu pr\u00e1v\u011b naopak, ovliv\u0148uje a skute\u010dn\u011b moc. P\u0159\u00edroda jako takov\u00e1 n\u00e1m otev\u00edr\u00e1 dve\u0159e do zcela jin\u00e9ho sv\u011bta, ne\u017e je sv\u011bt a ruch velkom\u011bsta. N\u011bkdo aplikuje ka\u017edodenn\u00ed proch\u00e1zky a v\u00fdlety p\u0159\u00edrodou, n\u011bkdo se tomu uchyluje jen nahodile, ale tak \u010di tak, ka\u017ed\u00fd p\u0159\u00edrodu milujeme a neseme si ji v sob\u011b. Tak pro\u010d nem\u00edt n\u011bco, co by n\u00e1s s p\u0159\u00edrodou spojovalo i nad\u00e1le?Inovace jde nezadr\u017eiteln\u011b vp\u0159ed a s n\u00ed i v\u011bci, kter\u00e9 by n\u00e1s d\u0159\u00edve ani nenapadly. Co t\u0159eba takov\u00e9 \u010desk\u00e9 d\u0159ev\u011bn\u00e9 hodinky? Jsou nesm\u00edrn\u011b unik\u00e1tn\u00ed a origin\u00e1ln\u00ed ve sv\u00e9m oboru. Nejen\u017ee jsou naprosto skvostn\u00e9 a elegantn\u00ed z\u00e1rove\u0148, ale jsou i zcela nekonkuren\u010dn\u00ed sv\u00fdm designem i my\u0161lenkou. Vyrobeny jsou ze skute\u010dn\u00e9ho d\u0159eva. Ale nem\u011bjte obavy, t\u011b\u017ek\u00e9 na ruce nejsou. Postavit a slo\u017eit si je m\u016f\u017eete sami dle va\u0161ich p\u0159edstav. Domluvit se d\u00e1 na v\u0161em. Vyb\u00edrat lze z jak\u00e9hokoliv d\u0159eva, barev, ale i v\u016fni, p\u0159eci jen se jedn\u00e1 o prav\u00e9 d\u0159evo, kter\u00e9 von\u00ed. Volba je na v\u00e1s a va\u0161em vkusu. Nebojte se experimentovat a spojit elegantn\u00ed s u\u017eite\u010dn\u00fdm. Hodinky v\u00e1m budou slou\u017eit nejen k uk\u00e1z\u00e1n\u00ed \u010dasu, ale i k propojen\u00ed s p\u0159\u00edrodou p\u0159i ruchu velkom\u011bsta, kde to nen\u00ed tak snadn\u00e9 zaj\u00edt do prav\u00e9 p\u0159\u00edrody. Z hodinek budete opravdu velice p\u0159ekvapeni a nad m\u00edru spokojeni.                                                                                                                                                                                                                                                                                                                                                                                                  "},{"@context":"https:\/\/schema.org\/","@type":"BreadcrumbList","itemListElement":[{"@type":"ListItem","position":1,"name":"D\u0159evo a hodinky se nevylu\u010duj\u00ed","item":"https:\/\/www.ecis.cz\/drevo-a-hodinky-se-nevylucuji\/#breadcrumbitem"}]}]