[{"@context":"https:\/\/schema.org\/","@type":"Article","@id":"https:\/\/www.ecis.cz\/co-se-muze-stat-kdyz-si-nabytek-sestavite-sami\/#Article","mainEntityOfPage":"https:\/\/www.ecis.cz\/co-se-muze-stat-kdyz-si-nabytek-sestavite-sami\/","headline":"Co se m\u016f\u017ee st\u00e1t, kdy\u017e si n\u00e1bytek sestav\u00edte sami","name":"Co se m\u016f\u017ee st\u00e1t, kdy\u017e si n\u00e1bytek sestav\u00edte sami","description":"Nep\u0159ehledn\u00fd n\u00e1vod \u2013 n\u00e1vody na mont\u00e1\u017e n\u00e1bytku v Praze Odnes to b\u00fdvaj\u00ed zhotoven\u00e9 jako schematick\u00fd n\u00e1\u010drt. N\u011bkter\u00e9 mohou b\u00fdt dob\u0159e p\u0159ehledn\u00e9 a je s nimi radost pracovat a jin\u00e9 jsou t\u0159eba sotva \u010diteln\u00e9 a lze tu n\u011bkter\u00e9 d\u00edly mezi sebou zam\u011bnit. Jestli\u017ee pak n\u011bkde ud\u011bl\u00e1te chybu, popletete si d\u00edly a provrt\u00e1te je vruty, na\u010de\u017e zjist\u00edte,...<p class=\"more-link-wrap\"><a href=\"https:\/\/www.ecis.cz\/co-se-muze-stat-kdyz-si-nabytek-sestavite-sami\/\" class=\"more-link\">P\u0159e\u010d\u00edst<span class=\"screen-reader-text\"> &ldquo;Co se m\u016f\u017ee st\u00e1t, kdy\u017e si n\u00e1bytek sestav\u00edte sami&rdquo;<\/span> &raquo;<\/a><\/p>","datePublished":"2024-12-10","dateModified":"2024-12-10","author":{"@type":"Person","@id":"https:\/\/www.ecis.cz\/author\/devene\/#Person","name":"devene","url":"https:\/\/www.ecis.cz\/author\/devene\/","identifier":1,"image":{"@type":"ImageObject","@id":"https:\/\/secure.gravatar.com\/avatar\/b653a05acc9928bc50547a0b6ed51698115bbf59840455a4bc9d337f928ec9d6?s=96&d=mm&r=g","url":"https:\/\/secure.gravatar.com\/avatar\/b653a05acc9928bc50547a0b6ed51698115bbf59840455a4bc9d337f928ec9d6?s=96&d=mm&r=g","height":96,"width":96}},"publisher":{"@type":"Organization","name":"ecis.cz","logo":{"@type":"ImageObject","@id":"\/logo.png","url":"\/logo.png","width":600,"height":60}},"image":{"@type":"ImageObject","@id":"https:\/\/www.ecis.cz\/wp-content\/uploads\/bed-8591970_640.jpg","url":"https:\/\/www.ecis.cz\/wp-content\/uploads\/bed-8591970_640.jpg","height":0,"width":0},"url":"https:\/\/www.ecis.cz\/co-se-muze-stat-kdyz-si-nabytek-sestavite-sami\/","about":["Firmy"],"wordCount":431,"articleBody":"      Nep\u0159ehledn\u00fd n\u00e1vod \u2013 n\u00e1vody na mont\u00e1\u017e n\u00e1bytku v Praze Odnes to b\u00fdvaj\u00ed zhotoven\u00e9 jako schematick\u00fd n\u00e1\u010drt. N\u011bkter\u00e9 mohou b\u00fdt dob\u0159e p\u0159ehledn\u00e9 a je s nimi radost pracovat a jin\u00e9 jsou t\u0159eba sotva \u010diteln\u00e9 a lze tu n\u011bkter\u00e9 d\u00edly mezi sebou zam\u011bnit. Jestli\u017ee pak n\u011bkde ud\u011bl\u00e1te chybu, popletete si d\u00edly a provrt\u00e1te je vruty, na\u010de\u017e zjist\u00edte, \u017ee je to \u0161patn\u011b, bude ji\u017e provrtan\u00fd d\u00edl nevratn\u011b po\u0161kozen\u00fd. Toto m\u016f\u017ee b\u00fdt jeden z d\u016fvod\u016f, pro\u010d sv\u011b\u0159it mont\u00e1\u017e n\u00e1bytku profesion\u00e1l\u016fm.Fyzick\u00e1 kondice \u2013 n\u011bkter\u00e9 kusy n\u00e1bytku vy\u017eaduj\u00ed dobrou fyzickou kondici, n\u011bkter\u00e9 desky mohou b\u00fdt pom\u011brn\u011b t\u011b\u017ek\u00e9, mus\u00edte s nimi manipulovat, p\u0159idr\u017eovat a p\u0159i pr\u00e1ci s ru\u010dn\u00edm n\u00e1\u0159ad\u00ed pou\u017e\u00edvat s\u00edlu. Jestli\u017ee jste po nemoci v rekonvalescenci nebo po \u00farazu, anebo nejste obecn\u011b p\u0159\u00edli\u0161 fyzicky zdatn\u00ed, jsou tu op\u011bt na pomoc st\u011bhov\u00e1ci, kte\u0159\u00ed maj\u00ed na tuto pr\u00e1ci vy\u010dlen\u011bn\u00fd t\u00fdm specialist\u016f.Nevhodn\u00e9 n\u00e1\u0159ad\u00ed \u2013 \u010ce\u0161i jsou vyhl\u00e1\u0161en\u00ed kutilov\u00e9 a v n\u011bkter\u00fdch kutilsk\u00fdch d\u00edln\u00e1ch naleznete pestrou plej\u00e1du ru\u010dn\u00edho i elektrick\u00e9ho n\u00e1\u0159ad\u00ed, kter\u00e1 by mohla konkurovat i profesion\u00e1ln\u00edm \u0159emesln\u00edk\u016fm. To ale neplat\u00ed pro ka\u017ed\u00e9ho, nejsou v\u0161ichni tak zdatn\u00ed a zru\u010dn\u00ed, \u017ee si doma zhotovuj\u00ed n\u00e1bytek, opravuj\u00ed spot\u0159ebi\u010de a instaluj\u00ed bytov\u00e9 vybaven\u00ed, n\u011bkte\u0159\u00ed lid\u00e9 maj\u00ed ve sv\u00e9 komo\u0159e t\u0159eba jen t\u0159i \u0161roubov\u00e1ky, kle\u0161t\u011b a kladivo a v lep\u0161\u00edm p\u0159\u00edpad\u011b i elektrickou vrta\u010dku, a t\u00edm to hasne. Jestli\u017ee pak maj\u00ed sestavit n\u00e1bytek, kde je zapot\u0159eb\u00ed n\u011bco upravit p\u0159\u00edmo\u010darou \u010di kotou\u010dovou pilou, hobl\u00edkem, bruskou a dal\u0161\u00edm n\u00e1\u0159ad\u00edm, bude to probl\u00e9m. Ka\u017ed\u00fd nen\u00ed \u0159emesln\u00edk \u2013 domn\u00edv\u00e1te se, \u017ee co mu\u017e, to technick\u00fd typ? Tak tomu samoz\u0159ejm\u011b nen\u00ed, n\u011bkte\u0159\u00ed mu\u017ei se v\u011bnuj\u00ed um\u011bn\u00ed, kup\u0159\u00edkladu hudebn\u00ed skladatel, mal\u00ed\u0159 nebo houslista v\u016fbec nemus\u00ed m\u00edt pov\u011bdom\u00ed o tom, jak sva\u0159ovat polypropylenov\u00e9 vodovodn\u00ed trubky nebo jak zapojit elektrick\u00fd schodi\u0161\u0165ov\u00fd vyp\u00edna\u010d. A naopak \u2013 ne ka\u017ed\u00fd zedn\u00edk dok\u00e1\u017ee zahr\u00e1t mistrovsk\u00fd part od Wolfganga Amadea Mozarta. Nesty\u010fte se za to, \u017ee neum\u00edte to a to, um\u00edte zas n\u011bco jin\u00e9ho, \u010demu v\u011bnujete v\u00e1\u0161 \u010das a va\u0161i energii.                                                                                                                                                                                                                                                                                                                                                                                                  "},{"@context":"https:\/\/schema.org\/","@type":"BreadcrumbList","itemListElement":[{"@type":"ListItem","position":1,"name":"Co se m\u016f\u017ee st\u00e1t, kdy\u017e si n\u00e1bytek sestav\u00edte sami","item":"https:\/\/www.ecis.cz\/co-se-muze-stat-kdyz-si-nabytek-sestavite-sami\/#breadcrumbitem"}]}]