[{"@context":"https:\/\/schema.org\/","@type":"Article","@id":"https:\/\/www.ecis.cz\/abyste-jiz-na-nic-duleziteho-nezapomneli\/#Article","mainEntityOfPage":"https:\/\/www.ecis.cz\/abyste-jiz-na-nic-duleziteho-nezapomneli\/","headline":"Abyste ji\u017e na nic d\u016fle\u017eit\u00e9ho nezapomn\u011bli","name":"Abyste ji\u017e na nic d\u016fle\u017eit\u00e9ho nezapomn\u011bli","description":"V\u0161ichni zn\u00e1me, jak to v \u017eivot\u011b chod\u00ed. Ka\u017ed\u00fd z n\u00e1s m\u00e1 plnou hlavu starost\u00ed, co v\u0161echno mus\u00ed za\u0159\u00eddit, a tak nen\u00ed divu, \u017ee se ka\u017ed\u00e9mu z n\u00e1s \u010das od \u010dasu stane, \u017ee na to skute\u010dn\u011b d\u016fle\u017eit\u00e9 ob\u010das zapomene. A nem\u00e1 cenu posl\u00e9ze plakat nad rozlit\u00fdm ml\u00e9kem. Mnohem prakti\u010dt\u011bj\u0161\u00ed je se do budoucna za\u0159\u00eddit tak, aby...<p class=\"more-link-wrap\"><a href=\"https:\/\/www.ecis.cz\/abyste-jiz-na-nic-duleziteho-nezapomneli\/\" class=\"more-link\">P\u0159e\u010d\u00edst<span class=\"screen-reader-text\"> &ldquo;Abyste ji\u017e na nic d\u016fle\u017eit\u00e9ho nezapomn\u011bli&rdquo;<\/span> &raquo;<\/a><\/p>","datePublished":"2018-02-09","dateModified":"2018-02-09","author":{"@type":"Person","@id":"https:\/\/www.ecis.cz\/author\/devene\/#Person","name":"devene","url":"https:\/\/www.ecis.cz\/author\/devene\/","identifier":1,"image":{"@type":"ImageObject","@id":"https:\/\/secure.gravatar.com\/avatar\/b653a05acc9928bc50547a0b6ed51698115bbf59840455a4bc9d337f928ec9d6?s=96&d=mm&r=g","url":"https:\/\/secure.gravatar.com\/avatar\/b653a05acc9928bc50547a0b6ed51698115bbf59840455a4bc9d337f928ec9d6?s=96&d=mm&r=g","height":96,"width":96}},"publisher":{"@type":"Organization","name":"ecis.cz","logo":{"@type":"ImageObject","@id":"\/logo.png","url":"\/logo.png","width":600,"height":60}},"image":{"@type":"ImageObject","@id":"https:\/\/www.ecis.cz\/wp-content\/uploads\/img_a312546_w2567_t1523431096.jpg","url":"https:\/\/www.ecis.cz\/wp-content\/uploads\/img_a312546_w2567_t1523431096.jpg","height":0,"width":0},"url":"https:\/\/www.ecis.cz\/abyste-jiz-na-nic-duleziteho-nezapomneli\/","about":["IT"],"wordCount":423,"articleBody":"   V\u0161ichni zn\u00e1me, jak to v \u017eivot\u011b chod\u00ed. Ka\u017ed\u00fd z n\u00e1s m\u00e1 plnou hlavu starost\u00ed, co v\u0161echno mus\u00ed za\u0159\u00eddit, a tak nen\u00ed divu, \u017ee se ka\u017ed\u00e9mu z n\u00e1s \u010das od \u010dasu stane, \u017ee na to skute\u010dn\u011b d\u016fle\u017eit\u00e9 ob\u010das zapomene. A nem\u00e1 cenu posl\u00e9ze plakat nad rozlit\u00fdm ml\u00e9kem. Mnohem prakti\u010dt\u011bj\u0161\u00ed je se do budoucna za\u0159\u00eddit tak, aby se to p\u0159\u00ed\u0161t\u011b ji\u017e neopakovalo, abychom p\u0159\u00ed\u0161t\u011b na ty skute\u010dn\u011b d\u016fle\u017eit\u00e9 v\u011bci nezapom\u00ednali \u2013 a kdy\u017e p\u0159ece jen, tak aby se v\u0161e dalo za\u0159\u00eddit tak, \u017ee to nikdo nepozn\u00e1.  A k situac\u00edm, na kter\u00e9 se r\u00e1do zapom\u00edn\u00e1, pat\u0159\u00ed nap\u0159\u00edklad ciz\u00ed v\u00fdro\u010d\u00ed. A je u\u017e jedno, zda se jedn\u00e1 o narozeniny, sv\u00e1tek anebo jin\u00fd v\u00fdznamn\u00fd okam\u017eik n\u011bkoho z na\u0161ich bl\u00edzk\u00fdch. V\u017edy je toti\u017e stejn\u011b trapn\u00e9 vysv\u011btlovat, pro\u010d jsme na dan\u00fd okam\u017eik zapomn\u011bli, to \u017e\u00e1dn\u00e1 omluva nesprav\u00ed. Ani n\u00e1s by n\u011bco podobn\u00e9ho nepot\u011b\u0161ilo. Tak\u017ee pokud u\u017e nechcete v \u017eivot\u011b d\u00e1le \u010delit podobn\u00fdm trapn\u00fdm situac\u00edm a hloup\u00fdm opomenut\u00edm, tak to nejlep\u0161\u00ed, co proto m\u016f\u017eete ud\u011blat, je dob\u0159e si zapamatovat webov\u00e9 str\u00e1nky online kv\u011btin\u00e1\u0159stv\u00ed, kde v m\u017eiku objedn\u00e1te tu nejkr\u00e1sn\u011bj\u0161\u00ed kytici kv\u011bt\u016f, kterou m\u016f\u017eete b\u011bhem n\u011bkolika chvil nechat doru\u010dit na m\u00edsto ur\u010den\u00ed. D\u00edky n\u00ed tak zachr\u00e1n\u00edte svou \u010dest t\u0159eba i na posledn\u00ed chv\u00edli. A jestli\u017ee je\u0161t\u011b ke v\u0161emu pot\u0159ebujete zaslat kv\u011btiny n\u011bkde v Praze, tak to je je\u0161t\u011b o n\u011bco snaz\u0161\u00ed. V r\u00e1mci na\u0161eho hlavn\u00edho m\u011bsta toti\u017e prob\u00edh\u00e1 doru\u010dov\u00e1n\u00ed kv\u011btin obzvl\u00e1\u0161\u0165 rychle https:\/\/laflora.cz\/rozvoz-kvetin-praha. Va\u0161e vybran\u00e1 kytice m\u016f\u017ee b\u00fdt na m\u00edst\u011b ji\u017e do t\u0159\u00ed hodin od jej\u00edho objedn\u00e1n\u00ed. A tomu se \u0159\u00edk\u00e1 po\u0159\u00e1dn\u00e1 rychlost. I p\u0159i t\u00e9 nejv\u011bt\u0161\u00ed snaze byste sami tak rychle kytici nekoupili a z\u00e1rove\u0148 nedoru\u010dili na m\u00edsto ur\u010den\u00ed.  Proto nev\u00e1hejte a u\u017eijte si naplno v\u00fdhody online objedn\u00e1vky kv\u011btin i vy. A pokud chcete tuto slu\u017ebu tak zvan\u011b nane\u010disto vyzkou\u0161et, nen\u00ed nic snaz\u0161\u00edho ne\u017e jen tak pro radost nechat poslat kv\u011btiny sami sob\u011b anebo n\u011bkomu, na kom v\u00e1m z\u00e1le\u017e\u00ed.                                                                                                                                                                                                                                                                                                                                                                                                  "},{"@context":"https:\/\/schema.org\/","@type":"BreadcrumbList","itemListElement":[{"@type":"ListItem","position":1,"name":"Abyste ji\u017e na nic d\u016fle\u017eit\u00e9ho nezapomn\u011bli","item":"https:\/\/www.ecis.cz\/abyste-jiz-na-nic-duleziteho-nezapomneli\/#breadcrumbitem"}]}]